{"id":33573,"date":"2024-08-01T14:02:25","date_gmt":"2024-08-01T12:02:25","guid":{"rendered":"https:\/\/atlantismoto.com\/itinerario-in-moto-lungo-la-costa-brava-da-figueres-a-barcellona\/"},"modified":"2024-08-01T14:02:26","modified_gmt":"2024-08-01T12:02:26","slug":"itinerario-in-moto-lungo-la-costa-brava-da-figueres-a-barcellona","status":"publish","type":"post","link":"https:\/\/atlantismoto.com\/it\/itinerario-in-moto-lungo-la-costa-brava-da-figueres-a-barcellona\/","title":{"rendered":"Itinerario in moto lungo la Costa Brava: da Figueres a Barcellona"},"content":{"rendered":"\t\t<div data-elementor-type=\"wp-post\" data-elementor-id=\"33573\" class=\"elementor elementor-33573 elementor-33493\" data-elementor-post-type=\"post\">\n\t\t\t\t<div class=\"elementor-element elementor-element-a6c954e e-flex e-con-boxed e-con e-parent\" data-id=\"a6c954e\" data-element_type=\"container\">\n\t\t\t\t\t<div class=\"e-con-inner\">\n\t\t\t\t<div class=\"elementor-element elementor-element-3d8d901 elementor-widget elementor-widget-image\" data-id=\"3d8d901\" data-element_type=\"widget\" data-widget_type=\"image.default\">\n\t\t\t\t<div class=\"elementor-widget-container\">\n\t\t\t\t\t\t\t\t\t\t\t\t\t<img fetchpriority=\"high\" decoding=\"async\" width=\"1024\" height=\"576\" src=\"https:\/\/atlantismoto.com\/wp-content\/uploads\/2024\/07\/ruta-en-moto-figueres-1024x576.jpg\" class=\"attachment-large size-large wp-image-33518\" alt=\"ruta-en-moto-figueres\" srcset=\"https:\/\/atlantismoto.com\/wp-content\/uploads\/2024\/07\/ruta-en-moto-figueres-1024x576.jpg 1024w, https:\/\/atlantismoto.com\/wp-content\/uploads\/2024\/07\/ruta-en-moto-figueres-300x169.jpg 300w, https:\/\/atlantismoto.com\/wp-content\/uploads\/2024\/07\/ruta-en-moto-figueres-768x432.jpg 768w, https:\/\/atlantismoto.com\/wp-content\/uploads\/2024\/07\/ruta-en-moto-figueres-1536x864.jpg 1536w, https:\/\/atlantismoto.com\/wp-content\/uploads\/2024\/07\/ruta-en-moto-figueres.jpg 1680w\" sizes=\"(max-width: 1024px) 100vw, 1024px\" \/>\t\t\t\t\t\t\t\t\t\t\t\t\t<\/div>\n\t\t\t\t<\/div>\n\t\t\t\t<div class=\"elementor-element elementor-element-e70e752 elementor-widget elementor-widget-text-editor\" data-id=\"e70e752\" data-element_type=\"widget\" data-widget_type=\"text-editor.default\">\n\t\t\t\t<div class=\"elementor-widget-container\">\n\t\t\t\t\t\t\t<div class=\"elementor-element elementor-element-ae74e9d elementor-widget elementor-widget-text-editor\" data-id=\"ae74e9d\" data-element_type=\"widget\" data-widget_type=\"text-editor.default\">\n<div class=\"elementor-widget-container\">\n<p>Con il caldo, uscire in moto pu\u00f2 essere pi\u00f9 difficile per alcuni. Ma poter percorrere itinerari come quelli della <strong>Costa Brava<\/strong>, in Catalogna, dove si possono scoprire insenature e luoghi mozzafiato, pu\u00f2 far tornare la voglia di uscire in moto.  <\/p>\n<p>Si possono trovare un&#8217;infinit\u00e0 di percorsi, di strade, si pu\u00f2 persino percorrerla tutta&#8230; Scoprite la Costa Brava con il <a href=\"https:\/\/grandtour.catalunya.com\/it\/\" target=\"_blank\" rel=\"noopener\"><strong>Grand Tour della Catalogna,<\/strong><\/a> un viaggio attraverso i paesaggi, la cultura, la tradizione, la gastronomia e l&#8217;architettura pi\u00f9 affascinanti della Catalogna. <\/p>\n<\/div>\n<\/div>\n\t\t\t\t\t\t<\/div>\n\t\t\t\t<\/div>\n\t\t\t\t\t<\/div>\n\t\t\t\t<\/div>\n\t\t<div class=\"elementor-element elementor-element-db39542 e-flex e-con-boxed e-con e-parent\" data-id=\"db39542\" data-element_type=\"container\">\n\t\t\t\t\t<div class=\"e-con-inner\">\n\t\t\t\t<div class=\"elementor-element elementor-element-1380e9f elementor-widget elementor-widget-heading\" data-id=\"1380e9f\" data-element_type=\"widget\" data-widget_type=\"heading.default\">\n\t\t\t\t<div class=\"elementor-widget-container\">\n\t\t\t<h2 class=\"elementor-heading-title elementor-size-default\">Itinerario in moto da Figueres a Barcellona: 525 km di percorso<\/h2>\t\t<\/div>\n\t\t\t\t<\/div>\n\t\t\t\t\t<\/div>\n\t\t\t\t<\/div>\n\t\t<div class=\"elementor-element elementor-element-3ba6524 e-flex e-con-boxed e-con e-parent\" data-id=\"3ba6524\" data-element_type=\"container\">\n\t\t\t\t\t<div class=\"e-con-inner\">\n\t\t\t\t<div class=\"elementor-element elementor-element-2453906 elementor-widget elementor-widget-text-editor\" data-id=\"2453906\" data-element_type=\"widget\" data-widget_type=\"text-editor.default\">\n\t\t\t\t<div class=\"elementor-widget-container\">\n\t\t\t\t\t\t\t<p>Questa \u00e8 la <strong>quinta tappa del Grand Tour della Catalogna<\/strong>. I paesaggi e le opere del geniale Salvador Dal\u00ed danno il via a un viaggio in cui non solo godremo della variegata <strong>gastronomia catalana<\/strong>, ma impareremo anche a preparare alcuni dei suoi piatti pi\u00f9 emblematici.<\/p>\n<p>Potrete conoscere gli antichi metodi di salatura, scoprire leggende e passeggiare tra romantici boschi e lungo gli stessi <strong>sentieri costieri della Costa Brava<\/strong> percorsi da pirati e banditi. L&#8217;architettura modernista caratterizzer\u00e0 la nostra visita alle citt\u00e0 della costa del Maresme e a Barcellona, una citt\u00e0 che attraverserete ispirandovi a grandi pagine della letteratura. <\/p>\n\t\t\t\t\t\t<\/div>\n\t\t\t\t<\/div>\n\t\t\t\t\t<\/div>\n\t\t\t\t<\/div>\n\t\t<div class=\"elementor-element elementor-element-51bae59 e-flex e-con-boxed e-con e-parent\" data-id=\"51bae59\" data-element_type=\"container\">\n\t\t\t\t\t<div class=\"e-con-inner\">\n\t\t\t\t<div class=\"elementor-element elementor-element-581dafc elementor-widget elementor-widget-image\" data-id=\"581dafc\" data-element_type=\"widget\" data-widget_type=\"image.default\">\n\t\t\t\t<div class=\"elementor-widget-container\">\n\t\t\t\t\t\t\t\t\t\t\t\t\t<img decoding=\"async\" width=\"1024\" height=\"683\" src=\"https:\/\/atlantismoto.com\/wp-content\/uploads\/2024\/02\/grand-tour-catalunya-trams-1024x683.jpg\" class=\"attachment-large size-large wp-image-32347\" alt=\"grand-tour-catalunya-trams\" srcset=\"https:\/\/atlantismoto.com\/wp-content\/uploads\/2024\/02\/grand-tour-catalunya-trams-1024x683.jpg 1024w, https:\/\/atlantismoto.com\/wp-content\/uploads\/2024\/02\/grand-tour-catalunya-trams-300x200.jpg 300w, https:\/\/atlantismoto.com\/wp-content\/uploads\/2024\/02\/grand-tour-catalunya-trams-768x512.jpg 768w, https:\/\/atlantismoto.com\/wp-content\/uploads\/2024\/02\/grand-tour-catalunya-trams.jpg 1200w\" sizes=\"(max-width: 1024px) 100vw, 1024px\" \/>\t\t\t\t\t\t\t\t\t\t\t\t\t<\/div>\n\t\t\t\t<\/div>\n\t\t\t\t\t<\/div>\n\t\t\t\t<\/div>\n\t\t<div class=\"elementor-element elementor-element-7e8b731 e-flex e-con-boxed e-con e-parent\" data-id=\"7e8b731\" data-element_type=\"container\">\n\t\t\t\t\t<div class=\"e-con-inner\">\n\t\t\t\t<div class=\"elementor-element elementor-element-0d32508 elementor-widget elementor-widget-heading\" data-id=\"0d32508\" data-element_type=\"widget\" data-widget_type=\"heading.default\">\n\t\t\t\t<div class=\"elementor-widget-container\">\n\t\t\t<h3 class=\"elementor-heading-title elementor-size-default\">Scheda tecnica del percorso<\/h3>\t\t<\/div>\n\t\t\t\t<\/div>\n\t\t\t\t<div class=\"elementor-element elementor-element-df2f096 elementor-widget elementor-widget-text-editor\" data-id=\"df2f096\" data-element_type=\"widget\" data-widget_type=\"text-editor.default\">\n\t\t\t\t<div class=\"elementor-widget-container\">\n\t\t\t\t\t\t\t<ul>\n<li>525 chilometri.<\/li>\n<li>7 fasi.<\/li>\n<li>8 must-have.<\/li>\n<\/ul>\n\t\t\t\t\t\t<\/div>\n\t\t\t\t<\/div>\n\t\t\t\t\t<\/div>\n\t\t\t\t<\/div>\n\t\t<div class=\"elementor-element elementor-element-020ce26 e-flex e-con-boxed e-con e-parent\" data-id=\"020ce26\" data-element_type=\"container\">\n\t\t\t\t\t<div class=\"e-con-inner\">\n\t\t<div class=\"elementor-element elementor-element-c201706 e-con-full e-flex e-con e-child\" data-id=\"c201706\" data-element_type=\"container\">\n\t\t\t\t<div class=\"elementor-element elementor-element-e0f0561 elementor-widget elementor-widget-heading\" data-id=\"e0f0561\" data-element_type=\"widget\" data-widget_type=\"heading.default\">\n\t\t\t\t<div class=\"elementor-widget-container\">\n\t\t\t<h3 class=\"elementor-heading-title elementor-size-default\">7 passi<\/h3>\t\t<\/div>\n\t\t\t\t<\/div>\n\t\t\t\t<div class=\"elementor-element elementor-element-b9d515c elementor-widget elementor-widget-text-editor\" data-id=\"b9d515c\" data-element_type=\"widget\" data-widget_type=\"text-editor.default\">\n\t\t\t\t<div class=\"elementor-widget-container\">\n\t\t\t\t\t\t\t<p>Il Grand Tour della Catalogna propone <strong>7 tappe<\/strong> per questo percorso:<\/p>\n<ul>\n<li>Da Figueres a Pals. 128 km. <\/li>\n<li>Da Pals a Tossa de Mar. 72 km.<\/li>\n<li>Da Tossa de Mar a Hostalets d\u2019en Bas. 90 km. <\/li>\n<li>Da Hostalets d\u2019en Bas a Viladrau. 81 km. <\/li>\n<li>Da Viladrau a Barcelona. 154 km. <\/li>\n<li>Termina a Barcellona.<\/li>\n<\/ul>\n\t\t\t\t\t\t<\/div>\n\t\t\t\t<\/div>\n\t\t\t\t<\/div>\n\t\t<div class=\"elementor-element elementor-element-70d031e e-con-full e-flex e-con e-child\" data-id=\"70d031e\" data-element_type=\"container\">\n\t\t\t\t<div class=\"elementor-element elementor-element-85974ab elementor-widget elementor-widget-image\" data-id=\"85974ab\" data-element_type=\"widget\" data-widget_type=\"image.default\">\n\t\t\t\t<div class=\"elementor-widget-container\">\n\t\t\t\t\t\t\t\t\t\t\t\t\t<img decoding=\"async\" width=\"553\" height=\"663\" src=\"https:\/\/atlantismoto.com\/wp-content\/uploads\/2024\/07\/grand-tour-tram-5.png\" class=\"attachment-large size-large wp-image-33499\" alt=\"grand-tour-tram-5\" srcset=\"https:\/\/atlantismoto.com\/wp-content\/uploads\/2024\/07\/grand-tour-tram-5.png 553w, https:\/\/atlantismoto.com\/wp-content\/uploads\/2024\/07\/grand-tour-tram-5-250x300.png 250w\" sizes=\"(max-width: 553px) 100vw, 553px\" \/>\t\t\t\t\t\t\t\t\t\t\t\t\t<\/div>\n\t\t\t\t<\/div>\n\t\t\t\t<\/div>\n\t\t\t\t\t<\/div>\n\t\t\t\t<\/div>\n\t\t<div class=\"elementor-element elementor-element-b63f16c e-flex e-con-boxed e-con e-parent\" data-id=\"b63f16c\" data-element_type=\"container\">\n\t\t\t\t\t<div class=\"e-con-inner\">\n\t\t\t\t<div class=\"elementor-element elementor-element-c633cbf elementor-widget elementor-widget-heading\" data-id=\"c633cbf\" data-element_type=\"widget\" data-widget_type=\"heading.default\">\n\t\t\t\t<div class=\"elementor-widget-container\">\n\t\t\t<h2 class=\"elementor-heading-title elementor-size-default\">Punti di interesse<\/h2>\t\t<\/div>\n\t\t\t\t<\/div>\n\t\t\t\t<div class=\"elementor-element elementor-element-14f879d elementor-widget elementor-widget-text-editor\" data-id=\"14f879d\" data-element_type=\"widget\" data-widget_type=\"text-editor.default\">\n\t\t\t\t<div class=\"elementor-widget-container\">\n\t\t\t\t\t\t\t<p>Questi sono alcuni dei punti di interesse che troverete lungo il percorso e dove vi consigliamo di fermarvi per scoprire nuove attivit\u00e0 ed esperienze.<\/p>\n\t\t\t\t\t\t<\/div>\n\t\t\t\t<\/div>\n\t\t\t\t<div class=\"elementor-element elementor-element-cfd06b7 elementor-widget elementor-widget-text-editor\" data-id=\"cfd06b7\" data-element_type=\"widget\" data-widget_type=\"text-editor.default\">\n\t\t\t\t<div class=\"elementor-widget-container\">\n\t\t\t\t\t\t\t<ul>\n<li>Figueres<\/li>\n<li>Parc Natural Cap de Creus<\/li>\n<li>Cadaqu\u00e9s e Portlligat<\/li>\n<li>Villaggi medievali dell&#8217;entroterra<\/li>\n<li>Girona<\/li>\n<li>Vic<\/li>\n<li>Parco Naturale del Montseny<\/li>\n<li>Costa Barcellona: Modernismo<\/li>\n<li>Barcellona<\/li>\n<\/ul>\n\t\t\t\t\t\t<\/div>\n\t\t\t\t<\/div>\n\t\t\t\t<div class=\"elementor-element elementor-element-dc3290b elementor-widget elementor-widget-text-editor\" data-id=\"dc3290b\" data-element_type=\"widget\" data-widget_type=\"text-editor.default\">\n\t\t\t\t<div class=\"elementor-widget-container\">\n\t\t\t\t\t\t\t<p>Scoprite tutte le informazioni e i dettagli del percorso <a href=\"https:\/\/grandtour.catalunya.com\/wp-content\/uploads\/2020\/12\/TRAM5_it.pdf\" target=\"_blank\" rel=\"noopener\"><strong>qui.<\/strong><\/a><\/p>\n\t\t\t\t\t\t<\/div>\n\t\t\t\t<\/div>\n\t\t\t\t<div class=\"elementor-element elementor-element-7f90540 elementor-widget elementor-widget-text-editor\" data-id=\"7f90540\" data-element_type=\"widget\" data-widget_type=\"text-editor.default\">\n\t\t\t\t<div class=\"elementor-widget-container\">\n\t\t\t\t\t\t\t<p><strong>Attenzione! \u00c8 possibile trovare e seguire o scaricare la traccia nell&#8217;A<a href=\"https:\/\/atlantismoto.com\/it\/download\/\">pp AtlantisMOTO.<\/a> <\/strong><\/p>\n\t\t\t\t\t\t<\/div>\n\t\t\t\t<\/div>\n\t\t\t\t\t<\/div>\n\t\t\t\t<\/div>\n\t\t\t\t<\/div>\n\t\t","protected":false},"excerpt":{"rendered":"<p>Con il caldo, uscire in moto pu\u00f2 essere pi\u00f9 difficile per alcuni. Ma poter percorrere itinerari come quelli della Costa Brava, in Catalogna, dove si [&hellip;]<\/p>\n","protected":false},"author":4,"featured_media":33518,"comment_status":"open","ping_status":"open","sticky":false,"template":"","format":"standard","meta":{"rank_math_lock_modified_date":false,"site-sidebar-layout":"default","site-content-layout":"","ast-site-content-layout":"default","site-content-style":"default","site-sidebar-style":"default","ast-global-header-display":"","ast-banner-title-visibility":"","ast-main-header-display":"","ast-hfb-above-header-display":"","ast-hfb-below-header-display":"","ast-hfb-mobile-header-display":"","site-post-title":"","ast-breadcrumbs-content":"","ast-featured-img":"","footer-sml-layout":"","theme-transparent-header-meta":"","adv-header-id-meta":"","stick-header-meta":"","header-above-stick-meta":"","header-main-stick-meta":"","header-below-stick-meta":"","astra-migrate-meta-layouts":"default","ast-page-background-enabled":"default","ast-page-background-meta":{"desktop":{"background-color":"","background-image":"","background-repeat":"repeat","background-position":"center center","background-size":"auto","background-attachment":"scroll","background-type":"","background-media":"","overlay-type":"","overlay-color":"","overlay-opacity":"","overlay-gradient":""},"tablet":{"background-color":"","background-image":"","background-repeat":"repeat","background-position":"center center","background-size":"auto","background-attachment":"scroll","background-type":"","background-media":"","overlay-type":"","overlay-color":"","overlay-opacity":"","overlay-gradient":""},"mobile":{"background-color":"","background-image":"","background-repeat":"repeat","background-position":"center center","background-size":"auto","background-attachment":"scroll","background-type":"","background-media":"","overlay-type":"","overlay-color":"","overlay-opacity":"","overlay-gradient":""}},"ast-content-background-meta":{"desktop":{"background-color":"var(--ast-global-color-5)","background-image":"","background-repeat":"repeat","background-position":"center center","background-size":"auto","background-attachment":"scroll","background-type":"","background-media":"","overlay-type":"","overlay-color":"","overlay-opacity":"","overlay-gradient":""},"tablet":{"background-color":"var(--ast-global-color-5)","background-image":"","background-repeat":"repeat","background-position":"center center","background-size":"auto","background-attachment":"scroll","background-type":"","background-media":"","overlay-type":"","overlay-color":"","overlay-opacity":"","overlay-gradient":""},"mobile":{"background-color":"var(--ast-global-color-5)","background-image":"","background-repeat":"repeat","background-position":"center center","background-size":"auto","background-attachment":"scroll","background-type":"","background-media":"","overlay-type":"","overlay-color":"","overlay-opacity":"","overlay-gradient":""}},"footnotes":""},"categories":[475],"tags":[694,1143,1142,799,1141],"class_list":["post-33573","post","type-post","status-publish","format-standard","has-post-thumbnail","hentry","category-percorsi","tag-atlantismoto-max-it","tag-costa-brava-it","tag-itinerario-estivo-in-moto","tag-localizzatore-gps-per-moto","tag-percorso-in-moto"],"_links":{"self":[{"href":"https:\/\/atlantismoto.com\/it\/wp-json\/wp\/v2\/posts\/33573"}],"collection":[{"href":"https:\/\/atlantismoto.com\/it\/wp-json\/wp\/v2\/posts"}],"about":[{"href":"https:\/\/atlantismoto.com\/it\/wp-json\/wp\/v2\/types\/post"}],"author":[{"embeddable":true,"href":"https:\/\/atlantismoto.com\/it\/wp-json\/wp\/v2\/users\/4"}],"replies":[{"embeddable":true,"href":"https:\/\/atlantismoto.com\/it\/wp-json\/wp\/v2\/comments?post=33573"}],"version-history":[{"count":1,"href":"https:\/\/atlantismoto.com\/it\/wp-json\/wp\/v2\/posts\/33573\/revisions"}],"predecessor-version":[{"id":33574,"href":"https:\/\/atlantismoto.com\/it\/wp-json\/wp\/v2\/posts\/33573\/revisions\/33574"}],"wp:featuredmedia":[{"embeddable":true,"href":"https:\/\/atlantismoto.com\/it\/wp-json\/wp\/v2\/media\/33518"}],"wp:attachment":[{"href":"https:\/\/atlantismoto.com\/it\/wp-json\/wp\/v2\/media?parent=33573"}],"wp:term":[{"taxonomy":"category","embeddable":true,"href":"https:\/\/atlantismoto.com\/it\/wp-json\/wp\/v2\/categories?post=33573"},{"taxonomy":"post_tag","embeddable":true,"href":"https:\/\/atlantismoto.com\/it\/wp-json\/wp\/v2\/tags?post=33573"}],"curies":[{"name":"wp","href":"https:\/\/api.w.org\/{rel}","templated":true}]}}