{"id":34490,"date":"2025-01-31T15:48:59","date_gmt":"2025-01-31T14:48:59","guid":{"rendered":"https:\/\/atlantismoto.com\/les-secrets-du-grand-tour-de-catalogne-itineraires-conseils-et-paysages-uniques-pour-les-cyclistes\/"},"modified":"2025-02-03T15:59:17","modified_gmt":"2025-02-03T14:59:17","slug":"les-secrets-du-grand-tour-de-catalogne-itineraires-conseils-et-paysages-uniques-pour-les-cyclistes","status":"publish","type":"post","link":"https:\/\/atlantismoto.com\/fr\/les-secrets-du-grand-tour-de-catalogne-itineraires-conseils-et-paysages-uniques-pour-les-cyclistes\/","title":{"rendered":"Les secrets du Grand Tour de Catalogne : itin\u00e9raires, conseils et paysages uniques pour les cyclistes"},"content":{"rendered":"\t\t<div data-elementor-type=\"wp-post\" data-elementor-id=\"34490\" class=\"elementor elementor-34490 elementor-34471\" data-elementor-post-type=\"post\">\n\t\t\t\t<div class=\"elementor-element elementor-element-9cf6969 e-con-full e-flex e-con e-parent\" data-id=\"9cf6969\" data-element_type=\"container\">\n\t\t\t\t<div class=\"elementor-element elementor-element-82fe8cf elementor-widget elementor-widget-image\" data-id=\"82fe8cf\" data-element_type=\"widget\" data-widget_type=\"image.default\">\n\t\t\t\t<div class=\"elementor-widget-container\">\n\t\t\t\t\t\t\t\t\t\t\t\t\t<img fetchpriority=\"high\" decoding=\"async\" width=\"1024\" height=\"576\" src=\"https:\/\/atlantismoto.com\/wp-content\/uploads\/2025\/01\/grand-tour-cataluna-atlantis-1024x576.jpg\" class=\"attachment-large size-large wp-image-34482\" alt=\"grand tour catalunya\" srcset=\"https:\/\/atlantismoto.com\/wp-content\/uploads\/2025\/01\/grand-tour-cataluna-atlantis-1024x576.jpg 1024w, https:\/\/atlantismoto.com\/wp-content\/uploads\/2025\/01\/grand-tour-cataluna-atlantis-300x169.jpg 300w, https:\/\/atlantismoto.com\/wp-content\/uploads\/2025\/01\/grand-tour-cataluna-atlantis-768x432.jpg 768w, https:\/\/atlantismoto.com\/wp-content\/uploads\/2025\/01\/grand-tour-cataluna-atlantis-1536x864.jpg 1536w, https:\/\/atlantismoto.com\/wp-content\/uploads\/2025\/01\/grand-tour-cataluna-atlantis.jpg 1680w\" sizes=\"(max-width: 1024px) 100vw, 1024px\" \/>\t\t\t\t\t\t\t\t\t\t\t\t\t<\/div>\n\t\t\t\t<\/div>\n\t\t\t\t<div class=\"elementor-element elementor-element-fd1b873 elementor-widget elementor-widget-text-editor\" data-id=\"fd1b873\" data-element_type=\"widget\" data-widget_type=\"text-editor.default\">\n\t\t\t\t<div class=\"elementor-widget-container\">\n\t\t\t\t\t\t\t<p><span class=\"TextRun SCXW221272707 BCX8\" lang=\"ES-ES\" xml:lang=\"ES-ES\" data-contrast=\"auto\"><span class=\"NormalTextRun SCXW221272707 BCX8\"><strong>La Catalogne est unparadis pour les amateurs de deux-roues.<\/strong> Ses paysages changent radicalement en l&rsquo;espace de quelques kilom\u00e8tres, ce qui permet aux cyclistes de profiter d&rsquo;un large \u00e9ventail d&rsquo; exp\u00e9riences : de la <strong>travers\u00e9e des montagnes<\/strong> \u00e0 la d\u00e9couverte de <strong>criques cach\u00e9es<\/strong>, \u00e0 travers les <strong>vignobles, les<\/strong> <strong>villages m\u00e9di\u00e9vaux<\/strong> et les <strong>parcs naturels<\/strong>. Si vous \u00eates \u00e0 la recherche d&rsquo; une aventure unique,  <\/span><span class=\"NormalTextRun ContextualSpellingAndGrammarErrorV2Themed SCXW221272707 BCX8\">sur<\/span> <\/span><strong><a class=\"Hyperlink SCXW221272707 BCX8\" href=\"https:\/\/grandtour.catalunya.com\/\" target=\"_blank\" rel=\"noreferrer noopener\"><span class=\"TextRun Underlined MacChromeBold SCXW221272707 BCX8\" lang=\"ES-ES\" data-contrast=\"none\"><span class=\"NormalTextRun SCXW221272707 BCX8\" data-ccp-charstyle=\"Hyperlink\">Grand Tour de Catalogne<\/span><\/span><\/a><\/strong><span class=\"TextRun SCXW221272707 BCX8\" lang=\"ES-ES\" data-contrast=\"auto\"><span class=\"NormalTextRun SCXW221272707 BCX8\">est con\u00e7u pour vous.<\/span><\/span><span class=\"EOP SCXW221272707 BCX8\" data-ccp-props=\"{\"134233117\":false,\"134233118\":false,\"335559738\":240,\"335559739\":240}\"> <\/span><\/p>\n\t\t\t\t\t\t<\/div>\n\t\t\t\t<\/div>\n\t\t\t\t<div class=\"elementor-element elementor-element-7cf1fbf elementor-widget elementor-widget-heading\" data-id=\"7cf1fbf\" data-element_type=\"widget\" data-widget_type=\"heading.default\">\n\t\t\t\t<div class=\"elementor-widget-container\">\n\t\t\t<h2 class=\"elementor-heading-title elementor-size-default\">Qu'est-ce qui rend le Grand Tour de Catalogne unique? <\/h2>\t\t<\/div>\n\t\t\t\t<\/div>\n\t\t\t\t<div class=\"elementor-element elementor-element-82fff64 elementor-widget elementor-widget-text-editor\" data-id=\"82fff64\" data-element_type=\"widget\" data-widget_type=\"text-editor.default\">\n\t\t\t\t<div class=\"elementor-widget-container\">\n\t\t\t\t\t\t\t<p><span data-contrast=\"auto\">Plus qu&rsquo;un itin\u00e9raire, le <strong>Grand Tour de Catalogne (GTC)<\/strong> est une invitation \u00e0 d\u00e9couvrir le meilleur de cette r\u00e9gion.<\/span><\/p>\n<p><span data-contrast=\"auto\">Avec <\/span><b><span data-contrast=\"auto\">1 496 kilom\u00e8tres<\/span><\/b><span data-contrast=\"auto\">r\u00e9partis en <\/span><b><span data-contrast=\"auto\">13 \u00e9tapes<\/span><\/b><span data-contrast=\"auto\">, relie <\/span><b><span data-contrast=\"auto\">15 lieux incontournables <\/span><\/b><span data-contrast=\"auto\">et offre un m\u00e9lange parfait de culture, de nature et de gastronomie. <strong>Con\u00e7u pour s&rsquo;adapter \u00e0 votre rythme<\/strong>, vous pouvez l&rsquo;organiser selon vos pr\u00e9f\u00e9rences et en profiter \u00e0 tout moment de l&rsquo; ann\u00e9e.<\/span><span data-ccp-props=\"{\"134233117\":false,\"134233118\":false,\"335559738\":240,\"335559739\":240}\"> <\/span><\/p>\n<p><span data-contrast=\"auto\">Mais ce qui la distingue vraiment, c&rsquo;est qu&rsquo;elle met l&rsquo;accent sur l&rsquo;exp\u00e9rience. <strong>En tant que cycliste,chaque tron\u00e7on est con\u00e7u pour vous offrir des routes cach\u00e9es, des vues spectaculaires et des arr\u00eats charmants, des vues spectaculaires et des haltes pleines de charme.<\/strong> <\/span><span data-ccp-props=\"{\"134233117\":false,\"134233118\":false,\"335559738\":240,\"335559739\":240}\"> <\/span><\/p>\n\t\t\t\t\t\t<\/div>\n\t\t\t\t<\/div>\n\t\t\t\t<div class=\"elementor-element elementor-element-9c38cd2 elementor-widget elementor-widget-image\" data-id=\"9c38cd2\" data-element_type=\"widget\" data-widget_type=\"image.default\">\n\t\t\t\t<div class=\"elementor-widget-container\">\n\t\t\t\t\t\t\t\t\t\t\t\t\t<img decoding=\"async\" width=\"1024\" height=\"683\" src=\"https:\/\/atlantismoto.com\/wp-content\/uploads\/2024\/02\/grand-tour-catalunya-trams-1024x683.jpg\" class=\"attachment-large size-large wp-image-32346\" alt=\"grand-tour-catalunya-trams\" srcset=\"https:\/\/atlantismoto.com\/wp-content\/uploads\/2024\/02\/grand-tour-catalunya-trams-1024x683.jpg 1024w, https:\/\/atlantismoto.com\/wp-content\/uploads\/2024\/02\/grand-tour-catalunya-trams-300x200.jpg 300w, https:\/\/atlantismoto.com\/wp-content\/uploads\/2024\/02\/grand-tour-catalunya-trams-768x512.jpg 768w, https:\/\/atlantismoto.com\/wp-content\/uploads\/2024\/02\/grand-tour-catalunya-trams.jpg 1200w\" sizes=\"(max-width: 1024px) 100vw, 1024px\" \/>\t\t\t\t\t\t\t\t\t\t\t\t\t<\/div>\n\t\t\t\t<\/div>\n\t\t\t\t<\/div>\n\t\t<div class=\"elementor-element elementor-element-9b64186 e-flex e-con-boxed e-con e-parent\" data-id=\"9b64186\" data-element_type=\"container\">\n\t\t\t\t\t<div class=\"e-con-inner\">\n\t\t\t\t<div class=\"elementor-element elementor-element-8785f66 elementor-widget elementor-widget-heading\" data-id=\"8785f66\" data-element_type=\"widget\" data-widget_type=\"heading.default\">\n\t\t\t\t<div class=\"elementor-widget-container\">\n\t\t\t<h2 class=\"elementor-heading-title elementor-size-default\">Points forts et conseils pour en tirer le meilleur parti <\/h2>\t\t<\/div>\n\t\t\t\t<\/div>\n\t\t\t\t<div class=\"elementor-element elementor-element-936dcee elementor-widget elementor-widget-heading\" data-id=\"936dcee\" data-element_type=\"widget\" data-widget_type=\"heading.default\">\n\t\t\t\t<div class=\"elementor-widget-container\">\n\t\t\t<h3 class=\"elementor-heading-title elementor-size-default\">Section 1 : De Barcelone \u00e0 Tarragone <\/h3>\t\t<\/div>\n\t\t\t\t<\/div>\n\t\t\t\t<div class=\"elementor-element elementor-element-0141257 elementor-widget elementor-widget-text-editor\" data-id=\"0141257\" data-element_type=\"widget\" data-widget_type=\"text-editor.default\">\n\t\t\t\t<div class=\"elementor-widget-container\">\n\t\t\t\t\t\t\t<p><span data-contrast=\"auto\">Tout commence dans la vibrante <\/span><b><span data-contrast=\"auto\">Barcelone<\/span><\/b><span data-contrast=\"auto\"> et laissez-vous emporter par les routes qui serpentent jusqu&rsquo;\u00e0 <strong>Montserrat<\/strong>. Son ascension est un d\u00e9fi passionnant pour tout cycliste et offre des vues inoubliables. De l\u00e0 , continuez vers le<strong> Pened\u00e8s<\/strong>, c\u00e9l\u00e8bre pour ses vignobles et ses caves. Si vous avez le temps, faites une halte \u00e0 <strong>Sitges<\/strong> , charmante perle du bord de mer.   <\/span><span data-ccp-props=\"{\"134233117\":false,\"134233118\":false,\"335559738\":240,\"335559739\":240}\"> <\/span><\/p>\n<p><b><span data-contrast=\"auto\">Conseil :<\/span><\/b><span data-contrast=\"auto\">Programmez votre visite \u00e0 Montserrat t\u00f4t le matin pour \u00e9viter la circulation et profiter du calme de l&rsquo;endroit.<\/span><span data-ccp-props=\"{\"134233117\":false,\"134233118\":false,\"335559738\":240,\"335559739\":240}\"> <\/span><\/p>\n<p><a href=\"https:\/\/atlantismoto.com\/ruta-en-moto-de-barcelona-a-tarragona\/\"><b>En savoir plus sur cet itin\u00e9raire moto de Barcelone \u00e0 Tarragone.<\/b><\/a> <\/p>\n\t\t\t\t\t\t<\/div>\n\t\t\t\t<\/div>\n\t\t\t\t<div class=\"elementor-element elementor-element-c9efd36 elementor-widget elementor-widget-image\" data-id=\"c9efd36\" data-element_type=\"widget\" data-widget_type=\"image.default\">\n\t\t\t\t<div class=\"elementor-widget-container\">\n\t\t\t\t\t\t\t\t\t\t\t\t\t<img decoding=\"async\" width=\"1024\" height=\"683\" src=\"https:\/\/atlantismoto.com\/wp-content\/uploads\/2023\/07\/tram1-barcelona-tarragona-1024x683.jpg\" class=\"attachment-large size-large wp-image-28528\" alt=\"tram1-barcelona-tarragona\" srcset=\"https:\/\/atlantismoto.com\/wp-content\/uploads\/2023\/07\/tram1-barcelona-tarragona-1024x683.jpg 1024w, https:\/\/atlantismoto.com\/wp-content\/uploads\/2023\/07\/tram1-barcelona-tarragona-300x200.jpg 300w, https:\/\/atlantismoto.com\/wp-content\/uploads\/2023\/07\/tram1-barcelona-tarragona-768x512.jpg 768w, https:\/\/atlantismoto.com\/wp-content\/uploads\/2023\/07\/tram1-barcelona-tarragona.jpg 1200w\" sizes=\"(max-width: 1024px) 100vw, 1024px\" \/>\t\t\t\t\t\t\t\t\t\t\t\t\t<\/div>\n\t\t\t\t<\/div>\n\t\t\t\t<div class=\"elementor-element elementor-element-3d289b5 elementor-widget elementor-widget-heading\" data-id=\"3d289b5\" data-element_type=\"widget\" data-widget_type=\"heading.default\">\n\t\t\t\t<div class=\"elementor-widget-container\">\n\t\t\t<h3 class=\"elementor-heading-title elementor-size-default\">Section 2 : De Tarragone \u00e0 Lleida<\/h3>\t\t<\/div>\n\t\t\t\t<\/div>\n\t\t\t\t<div class=\"elementor-element elementor-element-1ab25eb elementor-widget elementor-widget-text-editor\" data-id=\"1ab25eb\" data-element_type=\"widget\" data-widget_type=\"text-editor.default\">\n\t\t\t\t<div class=\"elementor-widget-container\">\n\t\t\t\t\t\t\t<p><span data-contrast=\"auto\">Depuis <strong>Tarragone<\/strong>, dirigez-vous vers le <strong> delta de l&rsquo;\u00c8bre<\/strong>, un endroit id\u00e9al pour explorer et se d\u00e9connecter. La route traverse des paysages ruraux avec des oliviers centenaires et des vignobles. Ne manquez pas les monast\u00e8res de la <strong>route cistercienne<\/strong>, comme celui de <strong>Poblet<\/strong> .  <\/span><span data-ccp-props=\"{\"134233117\":false,\"134233118\":false,\"335559738\":240,\"335559739\":240}\"> <\/span><\/p>\n<p><b><span data-contrast=\"auto\">Conseil :<\/span><\/b><span data-contrast=\"auto\">Essayez la cuisine locale \u00e0 Cambrils, vous ne pouvez pas manquer le poisson frais et les fruits de mer.<\/span><span data-ccp-props=\"{\"134233117\":false,\"134233118\":false,\"335559738\":240,\"335559739\":240}\"> <\/span><\/p>\n<p><strong><a class=\"Hyperlink SCXW203390401 BCX8\" href=\"https:\/\/atlantismoto.com\/fr\/route-a-moto-de-tarragone-a-lleida-profitez-du-troncon-2-du-grand-tour-de-catalogne\/\" target=\"_blank\" rel=\"noreferrer noopener\"><span class=\"TextRun Underlined MacChromeBold SCXW203390401 BCX8\" lang=\"ES-ES\" xml:lang=\"ES-ES\" data-contrast=\"none\"><span class=\"NormalTextRun SCXW203390401 BCX8\" data-ccp-charstyle=\"Hyperlink\">En savoir plus sur cet itin\u00e9raire en moto de Tarragone<\/span><span class=\"NormalTextRun SCXW203390401 BCX8\" data-ccp-charstyle=\"Hyperlink\">\u00e0 Lleida.<\/span><\/span><\/a><span class=\"EOP SCXW203390401 BCX8\" data-ccp-props=\"{\"134233117\":false,\"134233118\":false,\"335559738\":240,\"335559739\":240}\"> <\/span><\/strong><\/p>\n\t\t\t\t\t\t<\/div>\n\t\t\t\t<\/div>\n\t\t\t\t<div class=\"elementor-element elementor-element-51af47b elementor-widget elementor-widget-image\" data-id=\"51af47b\" data-element_type=\"widget\" data-widget_type=\"image.default\">\n\t\t\t\t<div class=\"elementor-widget-container\">\n\t\t\t\t\t\t\t\t\t\t\t\t\t<img loading=\"lazy\" decoding=\"async\" width=\"1024\" height=\"683\" src=\"https:\/\/atlantismoto.com\/wp-content\/uploads\/2023\/07\/tram2-tarragona-lleida-1024x683.jpg\" class=\"attachment-large size-large wp-image-28533\" alt=\"tram2-tarragona-lleida\" srcset=\"https:\/\/atlantismoto.com\/wp-content\/uploads\/2023\/07\/tram2-tarragona-lleida-1024x683.jpg 1024w, https:\/\/atlantismoto.com\/wp-content\/uploads\/2023\/07\/tram2-tarragona-lleida-300x200.jpg 300w, https:\/\/atlantismoto.com\/wp-content\/uploads\/2023\/07\/tram2-tarragona-lleida-768x512.jpg 768w, https:\/\/atlantismoto.com\/wp-content\/uploads\/2023\/07\/tram2-tarragona-lleida.jpg 1200w\" sizes=\"(max-width: 1024px) 100vw, 1024px\" \/>\t\t\t\t\t\t\t\t\t\t\t\t\t<\/div>\n\t\t\t\t<\/div>\n\t\t\t\t<div class=\"elementor-element elementor-element-4a4706c elementor-widget elementor-widget-heading\" data-id=\"4a4706c\" data-element_type=\"widget\" data-widget_type=\"heading.default\">\n\t\t\t\t<div class=\"elementor-widget-container\">\n\t\t\t<h3 class=\"elementor-heading-title elementor-size-default\">Section 3 : De Lleida \u00e0 La Seu d'Urgell <\/h3>\t\t<\/div>\n\t\t\t\t<\/div>\n\t\t\t\t<div class=\"elementor-element elementor-element-c641351 elementor-widget elementor-widget-text-editor\" data-id=\"c641351\" data-element_type=\"widget\" data-widget_type=\"text-editor.default\">\n\t\t\t\t<div class=\"elementor-widget-container\">\n\t\t\t\t\t\t\t<p><span data-contrast=\"auto\">C&rsquo;est ici que commence la <strong>magie des Pyr\u00e9n\u00e9es<\/strong>. Depuis les plaines de<strong> Lleida,<\/strong> vous emprunterez des routes cach\u00e9es entour\u00e9es de montagnes. Faites une halte dans la <strong>Vall de Bo\u00ed<\/strong> pour d\u00e9couvrir les \u00e9glises romanes, <strong>et n&rsquo;oubliez pas de visiter le parc national d&rsquo;Aig\u00fcestortes i Estany de Sant Maurici.<\/strong>  <\/span><span data-ccp-props=\"{\"134233117\":false,\"134233118\":false,\"335559738\":240,\"335559739\":240}\"> <\/span><\/p>\n<p><b><span data-contrast=\"auto\">Conseil :<\/span><\/b><span data-contrast=\"auto\">V\u00e9rifiez les conditions m\u00e9t\u00e9orologiques avant de partir, en particulier pendant les mois d&rsquo; hiver, afin de voyager en toute s\u00e9curit\u00e9.<\/span><span data-ccp-props=\"{\"134233117\":false,\"134233118\":false,\"335559738\":240,\"335559739\":240}\"> <\/span><\/p>\n<p><a href=\"https:\/\/atlantismoto.com\/fr\/route-a-moto-de-lleida-a-la-seu-durgell-profitez-du-troncon-3-du-grand-tour-de-catalogne\/\"><b>En savoir plus sur cet itin\u00e9raire moto de Lleida \u00e0 La Seu d&rsquo;Urgell<\/b><\/a> <\/p>\n\t\t\t\t\t\t<\/div>\n\t\t\t\t<\/div>\n\t\t\t\t<div class=\"elementor-element elementor-element-ab0e0d5 elementor-widget elementor-widget-image\" data-id=\"ab0e0d5\" data-element_type=\"widget\" data-widget_type=\"image.default\">\n\t\t\t\t<div class=\"elementor-widget-container\">\n\t\t\t\t\t\t\t\t\t\t\t\t\t<img loading=\"lazy\" decoding=\"async\" width=\"1024\" height=\"683\" src=\"https:\/\/atlantismoto.com\/wp-content\/uploads\/2023\/07\/tram3-lleida-seu-urgell-1024x683.jpg\" class=\"attachment-large size-large wp-image-28538\" alt=\"tram3-lleida-seu-urgell\" srcset=\"https:\/\/atlantismoto.com\/wp-content\/uploads\/2023\/07\/tram3-lleida-seu-urgell-1024x683.jpg 1024w, https:\/\/atlantismoto.com\/wp-content\/uploads\/2023\/07\/tram3-lleida-seu-urgell-300x200.jpg 300w, https:\/\/atlantismoto.com\/wp-content\/uploads\/2023\/07\/tram3-lleida-seu-urgell-768x512.jpg 768w, https:\/\/atlantismoto.com\/wp-content\/uploads\/2023\/07\/tram3-lleida-seu-urgell.jpg 1200w\" sizes=\"(max-width: 1024px) 100vw, 1024px\" \/>\t\t\t\t\t\t\t\t\t\t\t\t\t<\/div>\n\t\t\t\t<\/div>\n\t\t\t\t<div class=\"elementor-element elementor-element-3582f1b elementor-widget elementor-widget-heading\" data-id=\"3582f1b\" data-element_type=\"widget\" data-widget_type=\"heading.default\">\n\t\t\t\t<div class=\"elementor-widget-container\">\n\t\t\t<h3 class=\"elementor-heading-title elementor-size-default\">Section 4 : De La Seu d'Urgell \u00e0 Figueres <\/h3>\t\t<\/div>\n\t\t\t\t<\/div>\n\t\t\t\t<div class=\"elementor-element elementor-element-43c1318 elementor-widget elementor-widget-text-editor\" data-id=\"43c1318\" data-element_type=\"widget\" data-widget_type=\"text-editor.default\">\n\t\t\t\t<div class=\"elementor-widget-container\">\n\t\t\t\t\t\t\t<p><span data-contrast=\"auto\">Cette \u00e9tape est une f\u00eate des sens. Du <strong>parc naturel du Cad\u00ed-Moixer\u00f3<\/strong> \u00e0 la zone volcanique de la <strong>Garrotxa<\/strong>, les vues sont \u00e0 couper le souffle. L&rsquo;itin\u00e9raire se termine \u00e0 <strong>Figueres<\/strong>, patrie du surr\u00e9alisme et du th\u00e9\u00e2tre-mus\u00e9e Dal\u00ed.  <\/span><span data-ccp-props=\"{\"134233117\":false,\"134233118\":false,\"335559738\":240,\"335559739\":240}\"> <\/span><\/p>\n<p><b><span data-contrast=\"auto\">Conseil :<\/span><\/b><span data-contrast=\"auto\">Profitez-en pour explorer Santa Pau et go\u00fbter ses c\u00e9l\u00e8bres fesols (haricots locaux).<\/span><span data-ccp-props=\"{\"134233117\":false,\"134233118\":false,\"335559738\":240,\"335559739\":240}\"> <\/span><\/p>\n<p><a href=\"https:\/\/atlantismoto.com\/fr\/itineraire-a-moto-de-la-seu-durgell-a-figueres-decouvrez-le-troncon-4-du-grand-tour-de-catalogne\/\"><b><i><span data-contrast=\"none\">En savoir plus sur cet itin\u00e9raire moto de La Seu d&rsquo;Urgell \u00e0 Figueres<\/span><\/i><\/b><\/a><span data-ccp-props=\"{\"134233117\":false,\"134233118\":false,\"335559738\":240,\"335559739\":240}\"> <\/span><\/p>\n\t\t\t\t\t\t<\/div>\n\t\t\t\t<\/div>\n\t\t\t\t<div class=\"elementor-element elementor-element-fa6d5d9 elementor-widget elementor-widget-image\" data-id=\"fa6d5d9\" data-element_type=\"widget\" data-widget_type=\"image.default\">\n\t\t\t\t<div class=\"elementor-widget-container\">\n\t\t\t\t\t\t\t\t\t\t\t\t\t<img loading=\"lazy\" decoding=\"async\" width=\"1024\" height=\"683\" src=\"https:\/\/atlantismoto.com\/wp-content\/uploads\/2023\/07\/tram4-seu-urgell-figueres-1024x683.jpg\" class=\"attachment-large size-large wp-image-28543\" alt=\"tram4-seu-urgell-figueres\" srcset=\"https:\/\/atlantismoto.com\/wp-content\/uploads\/2023\/07\/tram4-seu-urgell-figueres-1024x683.jpg 1024w, https:\/\/atlantismoto.com\/wp-content\/uploads\/2023\/07\/tram4-seu-urgell-figueres-300x200.jpg 300w, https:\/\/atlantismoto.com\/wp-content\/uploads\/2023\/07\/tram4-seu-urgell-figueres-768x512.jpg 768w, https:\/\/atlantismoto.com\/wp-content\/uploads\/2023\/07\/tram4-seu-urgell-figueres.jpg 1200w\" sizes=\"(max-width: 1024px) 100vw, 1024px\" \/>\t\t\t\t\t\t\t\t\t\t\t\t\t<\/div>\n\t\t\t\t<\/div>\n\t\t\t\t<div class=\"elementor-element elementor-element-e22ff66 elementor-widget elementor-widget-heading\" data-id=\"e22ff66\" data-element_type=\"widget\" data-widget_type=\"heading.default\">\n\t\t\t\t<div class=\"elementor-widget-container\">\n\t\t\t<h3 class=\"elementor-heading-title elementor-size-default\">Section 5 : De Figueres \u00e0 Barcelone <\/h3>\t\t<\/div>\n\t\t\t\t<\/div>\n\t\t\t\t<div class=\"elementor-element elementor-element-2234f32 elementor-widget elementor-widget-text-editor\" data-id=\"2234f32\" data-element_type=\"widget\" data-widget_type=\"text-editor.default\">\n\t\t\t\t<div class=\"elementor-widget-container\">\n\t\t\t\t\t\t\t<p><span data-contrast=\"auto\">Le dernier tron\u00e7on longe la <strong>Costa Brava<\/strong>, avec ses criques cach\u00e9es et ses villages de p\u00eacheurs. Des arr\u00eats comme <strong>Cadaqu\u00e9s<\/strong> et le <strong> parc naturel du Cap de Creus<\/strong> sont incontournables. L&rsquo;itin\u00e9raire se termine \u00e0 Barcelone, en passant par <strong>G\u00e9rone<\/strong> et le <strong>Montseny<\/strong>.  <\/span><span data-ccp-props=\"{\"134233117\":false,\"134233118\":false,\"335559738\":240,\"335559739\":240}\"> <\/span><\/p>\n<p><b><span data-contrast=\"auto\">Le Conseil :<\/span><\/b><span data-contrast=\"auto\"> Les routes c\u00f4ti\u00e8res de la Costa Brava peuvent \u00eatre tr\u00e8s fr\u00e9quent\u00e9es en \u00e9t\u00e9. Pr\u00e9voyez de partir t\u00f4t pour profiter du calme et de la tranquillit\u00e9. <\/span><span data-ccp-props=\"{\"134233117\":false,\"134233118\":false,\"335559738\":240,\"335559739\":240}\"> <\/span><\/p>\n<p><a href=\"https:\/\/atlantismoto.com\/?s=tramo+5\"><b>En savoir plus sur cet itin\u00e9raire moto de Figueres \u00e0 Barcelone<\/b><\/a> <\/p>\n\t\t\t\t\t\t<\/div>\n\t\t\t\t<\/div>\n\t\t\t\t<div class=\"elementor-element elementor-element-3ef5fb8 elementor-widget elementor-widget-image\" data-id=\"3ef5fb8\" data-element_type=\"widget\" data-widget_type=\"image.default\">\n\t\t\t\t<div class=\"elementor-widget-container\">\n\t\t\t\t\t\t\t\t\t\t\t\t\t<img loading=\"lazy\" decoding=\"async\" width=\"1024\" height=\"683\" src=\"https:\/\/atlantismoto.com\/wp-content\/uploads\/2023\/07\/tram5-figueres-barcelona-1024x683.jpg\" class=\"attachment-large size-large wp-image-28548\" alt=\"tram5-figueres-barcelona\" srcset=\"https:\/\/atlantismoto.com\/wp-content\/uploads\/2023\/07\/tram5-figueres-barcelona-1024x683.jpg 1024w, https:\/\/atlantismoto.com\/wp-content\/uploads\/2023\/07\/tram5-figueres-barcelona-300x200.jpg 300w, https:\/\/atlantismoto.com\/wp-content\/uploads\/2023\/07\/tram5-figueres-barcelona-768x512.jpg 768w, https:\/\/atlantismoto.com\/wp-content\/uploads\/2023\/07\/tram5-figueres-barcelona.jpg 1200w\" sizes=\"(max-width: 1024px) 100vw, 1024px\" \/>\t\t\t\t\t\t\t\t\t\t\t\t\t<\/div>\n\t\t\t\t<\/div>\n\t\t\t\t<div class=\"elementor-element elementor-element-1448fba elementor-widget elementor-widget-heading\" data-id=\"1448fba\" data-element_type=\"widget\" data-widget_type=\"heading.default\">\n\t\t\t\t<div class=\"elementor-widget-container\">\n\t\t\t<h2 class=\"elementor-heading-title elementor-size-default\">Planifiez votre aventure avec l'application AtlantisMOTO <\/h2>\t\t<\/div>\n\t\t\t\t<\/div>\n\t\t\t\t\t<\/div>\n\t\t\t\t<\/div>\n\t\t<div class=\"elementor-element elementor-element-a877182 e-flex e-con-boxed e-con e-parent\" data-id=\"a877182\" data-element_type=\"container\">\n\t\t\t\t\t<div class=\"e-con-inner\">\n\t\t<div class=\"elementor-element elementor-element-1428a88 e-con-full e-flex e-con e-child\" data-id=\"1428a88\" data-element_type=\"container\">\n\t\t\t\t<div class=\"elementor-element elementor-element-fe6346c elementor-widget elementor-widget-image\" data-id=\"fe6346c\" data-element_type=\"widget\" data-widget_type=\"image.default\">\n\t\t\t\t<div class=\"elementor-widget-container\">\n\t\t\t\t\t\t\t\t\t\t\t\t\t<img loading=\"lazy\" decoding=\"async\" width=\"576\" height=\"1024\" src=\"https:\/\/atlantismoto.com\/wp-content\/uploads\/2023\/09\/grand-tour-app-1-es-576x1024.png\" class=\"attachment-large size-large wp-image-30107\" alt=\"Grand Tour de Catalunya y AtlantisMOTO\" srcset=\"https:\/\/atlantismoto.com\/wp-content\/uploads\/2023\/09\/grand-tour-app-1-es-576x1024.png 576w, https:\/\/atlantismoto.com\/wp-content\/uploads\/2023\/09\/grand-tour-app-1-es-169x300.png 169w, https:\/\/atlantismoto.com\/wp-content\/uploads\/2023\/09\/grand-tour-app-1-es-768x1365.png 768w, https:\/\/atlantismoto.com\/wp-content\/uploads\/2023\/09\/grand-tour-app-1-es-864x1536.png 864w, https:\/\/atlantismoto.com\/wp-content\/uploads\/2023\/09\/grand-tour-app-1-es.png 1080w\" sizes=\"(max-width: 576px) 100vw, 576px\" \/>\t\t\t\t\t\t\t\t\t\t\t\t\t<\/div>\n\t\t\t\t<\/div>\n\t\t\t\t<\/div>\n\t\t<div class=\"elementor-element elementor-element-0f87b5c e-con-full e-flex e-con e-child\" data-id=\"0f87b5c\" data-element_type=\"container\">\n\t\t\t\t<div class=\"elementor-element elementor-element-b1fd551 elementor-widget elementor-widget-text-editor\" data-id=\"b1fd551\" data-element_type=\"widget\" data-widget_type=\"text-editor.default\">\n\t\t\t\t<div class=\"elementor-widget-container\">\n\t\t\t\t\t\t\t<p><span data-contrast=\"auto\">Sur <\/span><b><span data-contrast=\"auto\">AtlantisMOTO<\/span><\/b><span data-contrast=\"auto\">Nous savons que tous les cyclistes sont \u00e0 la recherche d&rsquo; itin\u00e9raires m\u00e9morables. C&rsquo;est pourquoi nous avons int\u00e9gr\u00e9 les circuits du Grand Tour de Catalogne dans notre application. Vous y trouverez des recommandations personnalis\u00e9es, des conseils utiles et la possibilit\u00e9 de partager vos exp\u00e9riences avec d&rsquo;autres cyclistes.  <\/span><span data-ccp-props=\"{\"134233117\":false,\"134233118\":false,\"335559738\":240,\"335559739\":240}\"> <\/span><\/p>\n<p><span data-contrast=\"auto\">Allez dans la section \u00ab\u00a0Social\u00a0\u00bb et explorez les \u00ab\u00a0Itin\u00e9raires vedettes\u00a0\u00bb. \u00c0 partir de l\u00e0 , vous pourrez planifier chaque tron\u00e7on et d\u00e9couvrir les meilleurs points d&rsquo; int\u00e9r\u00eat adapt\u00e9s \u00e0 vos pr\u00e9f\u00e9rences. L&rsquo;application est disponible gratuitement pour iOS et Android.  <\/span><span data-ccp-props=\"{\"134233117\":false,\"134233118\":false,\"335559738\":240,\"335559739\":240}\"> <\/span><\/p>\n\t\t\t\t\t\t<\/div>\n\t\t\t\t<\/div>\n\t\t\t\t<\/div>\n\t\t\t\t\t<\/div>\n\t\t\t\t<\/div>\n\t\t<div class=\"elementor-element elementor-element-d94fb5a e-flex e-con-boxed e-con e-parent\" data-id=\"d94fb5a\" data-element_type=\"container\">\n\t\t\t\t\t<div class=\"e-con-inner\">\n\t\t\t\t<div class=\"elementor-element elementor-element-2d3c271 elementor-widget elementor-widget-heading\" data-id=\"2d3c271\" data-element_type=\"widget\" data-widget_type=\"heading.default\">\n\t\t\t\t<div class=\"elementor-widget-container\">\n\t\t\t<h2 class=\"elementor-heading-title elementor-size-default\">Le voyage d'une vie n'est qu'\u00e0 une courte distance en hors-bord.<\/h2>\t\t<\/div>\n\t\t\t\t<\/div>\n\t\t\t\t<div class=\"elementor-element elementor-element-006bb6f elementor-widget elementor-widget-text-editor\" data-id=\"006bb6f\" data-element_type=\"widget\" data-widget_type=\"text-editor.default\">\n\t\t\t\t<div class=\"elementor-widget-container\">\n\t\t\t\t\t\t\t<p><span data-contrast=\"auto\">Le Grand Tour de Catalogne n&rsquo;est pas seulement un itin\u00e9raire, c&rsquo;<b>est une exp\u00e9rience \u00e0 vivre \u00e0 chaque kilom\u00e8tre<\/b>. Des routes de montagne \u00e0 la c\u00f4te, chaque \u00e9tape est con\u00e7ue pour vous faire ressentir le lien avec le paysage, la culture et les traditions. <\/span><span data-ccp-props=\"{\"134233117\":false,\"134233118\":false,\"335559738\":240,\"335559739\":240}\">&nbsp;<\/span><\/p>\n<p><span data-contrast=\"auto\">Pr\u00e9parez-vous \u00e0 vivre une aventure sur deux roues avec AtlantisMOTO! D\u00e9couvrez de nouveaux itin\u00e9raires, partagez vos histoires et profitez de la libert\u00e9 de la route comme jamais auparavant. <\/span><span data-ccp-props=\"{\"134233117\":false,\"134233118\":false,\"335559738\":240,\"335559739\":240}\">&nbsp;<\/span><\/p>\t\t\t\t\t\t<\/div>\n\t\t\t\t<\/div>\n\t\t\t\t\t<\/div>\n\t\t\t\t<\/div>\n\t\t\t\t<\/div>\n\t\t","protected":false},"excerpt":{"rendered":"<p>La Catalogne est unparadis pour les amateurs de deux-roues. Ses paysages changent radicalement en l&rsquo;espace de quelques kilom\u00e8tres, ce qui permet aux cyclistes de profiter [&hellip;]<\/p>\n","protected":false},"author":4,"featured_media":34482,"comment_status":"open","ping_status":"open","sticky":false,"template":"","format":"standard","meta":{"rank_math_lock_modified_date":false,"site-sidebar-layout":"default","site-content-layout":"","ast-site-content-layout":"default","site-content-style":"default","site-sidebar-style":"default","ast-global-header-display":"","ast-banner-title-visibility":"","ast-main-header-display":"","ast-hfb-above-header-display":"","ast-hfb-below-header-display":"","ast-hfb-mobile-header-display":"","site-post-title":"","ast-breadcrumbs-content":"","ast-featured-img":"","footer-sml-layout":"","theme-transparent-header-meta":"","adv-header-id-meta":"","stick-header-meta":"","header-above-stick-meta":"","header-main-stick-meta":"","header-below-stick-meta":"","astra-migrate-meta-layouts":"default","ast-page-background-enabled":"default","ast-page-background-meta":{"desktop":{"background-color":"","background-image":"","background-repeat":"repeat","background-position":"center center","background-size":"auto","background-attachment":"scroll","background-type":"","background-media":"","overlay-type":"","overlay-color":"","overlay-opacity":"","overlay-gradient":""},"tablet":{"background-color":"","background-image":"","background-repeat":"repeat","background-position":"center center","background-size":"auto","background-attachment":"scroll","background-type":"","background-media":"","overlay-type":"","overlay-color":"","overlay-opacity":"","overlay-gradient":""},"mobile":{"background-color":"","background-image":"","background-repeat":"repeat","background-position":"center center","background-size":"auto","background-attachment":"scroll","background-type":"","background-media":"","overlay-type":"","overlay-color":"","overlay-opacity":"","overlay-gradient":""}},"ast-content-background-meta":{"desktop":{"background-color":"var(--ast-global-color-5)","background-image":"","background-repeat":"repeat","background-position":"center center","background-size":"auto","background-attachment":"scroll","background-type":"","background-media":"","overlay-type":"","overlay-color":"","overlay-opacity":"","overlay-gradient":""},"tablet":{"background-color":"var(--ast-global-color-5)","background-image":"","background-repeat":"repeat","background-position":"center center","background-size":"auto","background-attachment":"scroll","background-type":"","background-media":"","overlay-type":"","overlay-color":"","overlay-opacity":"","overlay-gradient":""},"mobile":{"background-color":"var(--ast-global-color-5)","background-image":"","background-repeat":"repeat","background-position":"center center","background-size":"auto","background-attachment":"scroll","background-type":"","background-media":"","overlay-type":"","overlay-color":"","overlay-opacity":"","overlay-gradient":""}},"footnotes":""},"categories":[667],"tags":[],"class_list":["post-34490","post","type-post","status-publish","format-standard","has-post-thumbnail","hentry","category-itineraires"],"_links":{"self":[{"href":"https:\/\/atlantismoto.com\/fr\/wp-json\/wp\/v2\/posts\/34490"}],"collection":[{"href":"https:\/\/atlantismoto.com\/fr\/wp-json\/wp\/v2\/posts"}],"about":[{"href":"https:\/\/atlantismoto.com\/fr\/wp-json\/wp\/v2\/types\/post"}],"author":[{"embeddable":true,"href":"https:\/\/atlantismoto.com\/fr\/wp-json\/wp\/v2\/users\/4"}],"replies":[{"embeddable":true,"href":"https:\/\/atlantismoto.com\/fr\/wp-json\/wp\/v2\/comments?post=34490"}],"version-history":[{"count":1,"href":"https:\/\/atlantismoto.com\/fr\/wp-json\/wp\/v2\/posts\/34490\/revisions"}],"predecessor-version":[{"id":34491,"href":"https:\/\/atlantismoto.com\/fr\/wp-json\/wp\/v2\/posts\/34490\/revisions\/34491"}],"wp:featuredmedia":[{"embeddable":true,"href":"https:\/\/atlantismoto.com\/fr\/wp-json\/wp\/v2\/media\/34482"}],"wp:attachment":[{"href":"https:\/\/atlantismoto.com\/fr\/wp-json\/wp\/v2\/media?parent=34490"}],"wp:term":[{"taxonomy":"category","embeddable":true,"href":"https:\/\/atlantismoto.com\/fr\/wp-json\/wp\/v2\/categories?post=34490"},{"taxonomy":"post_tag","embeddable":true,"href":"https:\/\/atlantismoto.com\/fr\/wp-json\/wp\/v2\/tags?post=34490"}],"curies":[{"name":"wp","href":"https:\/\/api.w.org\/{rel}","templated":true}]}}