{"id":33998,"date":"2024-11-25T14:29:16","date_gmt":"2024-11-25T13:29:16","guid":{"rendered":"https:\/\/atlantismoto.com\/route-a-moto-de-tarragone-a-lleida-profitez-du-troncon-2-du-grand-tour-de-catalogne\/"},"modified":"2024-11-25T14:29:16","modified_gmt":"2024-11-25T13:29:16","slug":"route-a-moto-de-tarragone-a-lleida-profitez-du-troncon-2-du-grand-tour-de-catalogne","status":"publish","type":"post","link":"https:\/\/atlantismoto.com\/fr\/route-a-moto-de-tarragone-a-lleida-profitez-du-troncon-2-du-grand-tour-de-catalogne\/","title":{"rendered":"Route \u00e0 moto de Tarragone \u00e0 Lleida, profitez du tron\u00e7on 2 du Grand Tour de Catalogne"},"content":{"rendered":"\t\t<div data-elementor-type=\"wp-post\" data-elementor-id=\"33998\" class=\"elementor elementor-33998 elementor-33964\" data-elementor-post-type=\"post\">\n\t\t\t\t<div class=\"elementor-element elementor-element-f016914 e-flex e-con-boxed e-con e-parent\" data-id=\"f016914\" data-element_type=\"container\">\n\t\t\t\t\t<div class=\"e-con-inner\">\n\t\t\t\t<div class=\"elementor-element elementor-element-f77f289 elementor-widget elementor-widget-image\" data-id=\"f77f289\" data-element_type=\"widget\" data-widget_type=\"image.default\">\n\t\t\t\t<div class=\"elementor-widget-container\">\n\t\t\t\t\t\t\t\t\t\t\t\t\t<img fetchpriority=\"high\" decoding=\"async\" width=\"1024\" height=\"576\" src=\"https:\/\/atlantismoto.com\/wp-content\/uploads\/2024\/11\/grand-tour-catalunya-tram-2-1-1024x576.jpg\" class=\"attachment-large size-large wp-image-33991\" alt=\"\" srcset=\"https:\/\/atlantismoto.com\/wp-content\/uploads\/2024\/11\/grand-tour-catalunya-tram-2-1-1024x576.jpg 1024w, https:\/\/atlantismoto.com\/wp-content\/uploads\/2024\/11\/grand-tour-catalunya-tram-2-1-300x169.jpg 300w, https:\/\/atlantismoto.com\/wp-content\/uploads\/2024\/11\/grand-tour-catalunya-tram-2-1-768x432.jpg 768w, https:\/\/atlantismoto.com\/wp-content\/uploads\/2024\/11\/grand-tour-catalunya-tram-2-1-1536x864.jpg 1536w, https:\/\/atlantismoto.com\/wp-content\/uploads\/2024\/11\/grand-tour-catalunya-tram-2-1-scaled.jpg 2048w\" sizes=\"(max-width: 1024px) 100vw, 1024px\">\t\t\t\t\t\t\t\t\t\t\t\t\t<\/div>\n\t\t\t\t<\/div>\n\t\t\t\t<div class=\"elementor-element elementor-element-f6d2228 elementor-widget elementor-widget-text-editor\" data-id=\"f6d2228\" data-element_type=\"widget\" data-widget_type=\"text-editor.default\">\n\t\t\t\t<div class=\"elementor-widget-container\">\n\t\t\t\t\t\t\t<p>Aujourd&rsquo;hui, nous souhaitons partager avec vous une proposition passionnante d&rsquo;itin\u00e9raire pour les amoureux de la moto et des paysages uniques. \u00c0 cette occasion, nous parcourrons le <a href=\"https:\/\/grandtour.catalunya.com\/fr\/partie\/a-la-recherche-de-lhistoire\/\" data-wplink-url-error=\"true\" target=\"_blank\" rel=\"noopener\"><strong>tron\u00e7on 2 du Grand Tour de Catalogne<\/strong><\/a>, un itin\u00e9raire qui relie les villes historiques de Tarragone et de L\u00e9rida et qui offre un m\u00e9lange parfait de culture, de nature et d&rsquo;aventure. <\/p>\n<p>Cet itin\u00e9raire, id\u00e9al pour les motards exp\u00e9riment\u00e9s comme pour ceux qui recherchent une escapade diff\u00e9rente, est plein de surprises, de routes panoramiques \u00e0 des arr\u00eats incontournables \u00e0 couper le souffle, Il est plein de surprises, des routes panoramiques aux arr\u00eats incontournables qui vous couperont le souffle. Rejoignez-nous et d\u00e9couvrez tous les d\u00e9tails pour profiter au mieux de cette exp\u00e9rience unique sur deux roues. <\/p>\n\t\t\t\t\t\t<\/div>\n\t\t\t\t<\/div>\n\t\t\t\t\t<\/div>\n\t\t\t\t<\/div>\n\t\t<div class=\"elementor-element elementor-element-8a04c60 e-flex e-con-boxed e-con e-parent\" data-id=\"8a04c60\" data-element_type=\"container\">\n\t\t\t\t\t<div class=\"e-con-inner\">\n\t\t\t\t<div class=\"elementor-element elementor-element-0049ef6 elementor-widget elementor-widget-heading\" data-id=\"0049ef6\" data-element_type=\"widget\" data-widget_type=\"heading.default\">\n\t\t\t\t<div class=\"elementor-widget-container\">\n\t\t\t<h2 class=\"elementor-heading-title elementor-size-default\">Un itin\u00e9raire \u00e0 moto plein d' histoire, de nature et de culture<\/h2>\t\t<\/div>\n\t\t\t\t<\/div>\n\t\t\t\t<div class=\"elementor-element elementor-element-a8d5d6f elementor-widget elementor-widget-text-editor\" data-id=\"a8d5d6f\" data-element_type=\"widget\" data-widget_type=\"text-editor.default\">\n\t\t\t\t<div class=\"elementor-widget-container\">\n\t\t\t\t\t\t\t<p>Si\u00e8cle XXI, un Empereur et un Gladiateur romains se prom\u00e8nent par les rues de<strong> Tarragone<\/strong>. La visite du complexe architectural de <strong>l\u2019antique Tarraco<\/strong> marque le d\u00e9but d\u2019un voyage qui nous m\u00e8nera jusqu\u2019aux rivages de<strong> l\u2019\u00c8bre<\/strong>, le grand fleuve p\u00e9ninsulaire. Nous suivrons son cours jusqu\u2019\u00e0 son delta, un des espaces les plus riches en biodiversit\u00e9 du pays. Nous p\u00e9dalerons le long du trac\u00e9 de la ligne de chemin de fer transform\u00e9e en voie verte et nous marcherons sur les pas de <strong>Picasso <\/strong>et de <strong>Gaud\u00ed<\/strong>. Les <strong>l\u00e9gendes de Montsant<\/strong> et les excellents <strong>vins du Priorat <\/strong>seront un agr\u00e9able pr\u00e9lude vers le silence monastique de la <strong>Route du Cister<\/strong> et de la ville <strong>Lleida<\/strong>, capitale de la Terra Ferma.   <\/p>\n\t\t\t\t\t\t<\/div>\n\t\t\t\t<\/div>\n\t\t\t\t\t<\/div>\n\t\t\t\t<\/div>\n\t\t<div class=\"elementor-element elementor-element-4483d37 e-flex e-con-boxed e-con e-parent\" data-id=\"4483d37\" data-element_type=\"container\">\n\t\t\t\t\t<div class=\"e-con-inner\">\n\t\t\t\t<div class=\"elementor-element elementor-element-edb0555 elementor-widget elementor-widget-heading\" data-id=\"edb0555\" data-element_type=\"widget\" data-widget_type=\"heading.default\">\n\t\t\t\t<div class=\"elementor-widget-container\">\n\t\t\t<h2 class=\"elementor-heading-title elementor-size-default\">Fiche technique de l'itin\u00e9raire<\/h2>\t\t<\/div>\n\t\t\t\t<\/div>\n\t\t\t\t\t<\/div>\n\t\t\t\t<\/div>\n\t\t<div class=\"elementor-element elementor-element-7c019b8 e-con-full e-flex e-con e-parent\" data-id=\"7c019b8\" data-element_type=\"container\">\n\t\t<div class=\"elementor-element elementor-element-c44b0bb e-con-full e-flex e-con e-child\" data-id=\"c44b0bb\" data-element_type=\"container\">\n\t\t<div class=\"elementor-element elementor-element-c790152 e-con-full e-flex e-con e-child\" data-id=\"c790152\" data-element_type=\"container\">\n\t\t\t\t<div class=\"elementor-element elementor-element-85a69d0 elementor-view-default elementor-position-top elementor-mobile-position-top elementor-widget elementor-widget-icon-box\" data-id=\"85a69d0\" data-element_type=\"widget\" data-widget_type=\"icon-box.default\">\n\t\t\t\t<div class=\"elementor-widget-container\">\n\t\t\t\t\t<div class=\"elementor-icon-box-wrapper\">\n\n\t\t\t\t\t\t<div class=\"elementor-icon-box-icon\">\n\t\t\t\t<span  class=\"elementor-icon elementor-animation-\">\n\t\t\t\t<i aria-hidden=\"true\" class=\"fas fa-map-marked-alt\"><\/i>\t\t\t\t<\/span>\n\t\t\t<\/div>\n\t\t\t\n\t\t\t\t\t\t<div class=\"elementor-icon-box-content\">\n\n\t\t\t\t\t\t\t\t\t<h3 class=\"elementor-icon-box-title\">\n\t\t\t\t\t\t<span  >\n\t\t\t\t\t\t\t418\t\t\t\t\t\t<\/span>\n\t\t\t\t\t<\/h3>\n\t\t\t\t\n\t\t\t\t\t\t\t\t\t<p class=\"elementor-icon-box-description\">\n\t\t\t\t\t\tKM de voyage\t\t\t\t\t<\/p>\n\t\t\t\t\n\t\t\t<\/div>\n\t\t\t\n\t\t<\/div>\n\t\t\t\t<\/div>\n\t\t\t\t<\/div>\n\t\t\t\t<\/div>\n\t\t<div class=\"elementor-element elementor-element-36b3cee e-con-full e-flex e-con e-child\" data-id=\"36b3cee\" data-element_type=\"container\">\n\t\t\t\t<div class=\"elementor-element elementor-element-eb9f8eb elementor-view-default elementor-position-top elementor-mobile-position-top elementor-widget elementor-widget-icon-box\" data-id=\"eb9f8eb\" data-element_type=\"widget\" data-widget_type=\"icon-box.default\">\n\t\t\t\t<div class=\"elementor-widget-container\">\n\t\t\t\t\t<div class=\"elementor-icon-box-wrapper\">\n\n\t\t\t\t\t\t<div class=\"elementor-icon-box-icon\">\n\t\t\t\t<span  class=\"elementor-icon elementor-animation-\">\n\t\t\t\t<i aria-hidden=\"true\" class=\"fas fa-map-signs\"><\/i>\t\t\t\t<\/span>\n\t\t\t<\/div>\n\t\t\t\n\t\t\t\t\t\t<div class=\"elementor-icon-box-content\">\n\n\t\t\t\t\t\t\t\t\t<h3 class=\"elementor-icon-box-title\">\n\t\t\t\t\t\t<span  >\n\t\t\t\t\t\t\t7\t\t\t\t\t\t<\/span>\n\t\t\t\t\t<\/h3>\n\t\t\t\t\n\t\t\t\t\t\t\t\t\t<p class=\"elementor-icon-box-description\">\n\t\t\t\t\t\tLes \u00e9tapes\t\t\t\t\t<\/p>\n\t\t\t\t\n\t\t\t<\/div>\n\t\t\t\n\t\t<\/div>\n\t\t\t\t<\/div>\n\t\t\t\t<\/div>\n\t\t\t\t<\/div>\n\t\t<div class=\"elementor-element elementor-element-471a813 e-con-full e-flex e-con e-child\" data-id=\"471a813\" data-element_type=\"container\">\n\t\t\t\t<div class=\"elementor-element elementor-element-1f2e976 elementor-view-default elementor-position-top elementor-mobile-position-top elementor-widget elementor-widget-icon-box\" data-id=\"1f2e976\" data-element_type=\"widget\" data-widget_type=\"icon-box.default\">\n\t\t\t\t<div class=\"elementor-widget-container\">\n\t\t\t\t\t<div class=\"elementor-icon-box-wrapper\">\n\n\t\t\t\t\t\t<div class=\"elementor-icon-box-icon\">\n\t\t\t\t<span  class=\"elementor-icon elementor-animation-\">\n\t\t\t\t<i aria-hidden=\"true\" class=\"fas fa-star\"><\/i>\t\t\t\t<\/span>\n\t\t\t<\/div>\n\t\t\t\n\t\t\t\t\t\t<div class=\"elementor-icon-box-content\">\n\n\t\t\t\t\t\t\t\t\t<h3 class=\"elementor-icon-box-title\">\n\t\t\t\t\t\t<span  >\n\t\t\t\t\t\t\t7\t\t\t\t\t\t<\/span>\n\t\t\t\t\t<\/h3>\n\t\t\t\t\n\t\t\t\t\t\t\t\t\t<p class=\"elementor-icon-box-description\">\n\t\t\t\t\t\tEssentiel\t\t\t\t\t<\/p>\n\t\t\t\t\n\t\t\t<\/div>\n\t\t\t\n\t\t<\/div>\n\t\t\t\t<\/div>\n\t\t\t\t<\/div>\n\t\t\t\t<\/div>\n\t\t\t\t<\/div>\n\t\t\t\t<\/div>\n\t\t<div class=\"elementor-element elementor-element-f8e3352 e-flex e-con-boxed e-con e-parent\" data-id=\"f8e3352\" data-element_type=\"container\">\n\t\t\t\t\t<div class=\"e-con-inner\">\n\t\t\t\t<div class=\"elementor-element elementor-element-5b4b651 elementor-widget elementor-widget-image\" data-id=\"5b4b651\" data-element_type=\"widget\" data-widget_type=\"image.default\">\n\t\t\t\t<div class=\"elementor-widget-container\">\n\t\t\t\t\t\t\t\t\t\t\t\t\t<img decoding=\"async\" width=\"1024\" height=\"683\" src=\"https:\/\/atlantismoto.com\/wp-content\/uploads\/2024\/11\/grand-tour-catalunya-tram-2-1024x683.jpg\" class=\"attachment-large size-large wp-image-33982\" alt=\"\" srcset=\"https:\/\/atlantismoto.com\/wp-content\/uploads\/2024\/11\/grand-tour-catalunya-tram-2-1024x683.jpg 1024w, https:\/\/atlantismoto.com\/wp-content\/uploads\/2024\/11\/grand-tour-catalunya-tram-2-300x200.jpg 300w, https:\/\/atlantismoto.com\/wp-content\/uploads\/2024\/11\/grand-tour-catalunya-tram-2-768x512.jpg 768w, https:\/\/atlantismoto.com\/wp-content\/uploads\/2024\/11\/grand-tour-catalunya-tram-2.jpg 1200w\" sizes=\"(max-width: 1024px) 100vw, 1024px\">\t\t\t\t\t\t\t\t\t\t\t\t\t<\/div>\n\t\t\t\t<\/div>\n\t\t\t\t<div class=\"elementor-element elementor-element-9f2ae05 elementor-widget elementor-widget-heading\" data-id=\"9f2ae05\" data-element_type=\"widget\" data-widget_type=\"heading.default\">\n\t\t\t\t<div class=\"elementor-widget-container\">\n\t\t\t<h2 class=\"elementor-heading-title elementor-size-default\">Le Grand Tour de Catalogne propose 7 \u00e9tapes sur cet itin\u00e9raire.<\/h2>\t\t<\/div>\n\t\t\t\t<\/div>\n\t\t\t\t<div class=\"elementor-element elementor-element-f74daf2 elementor-widget elementor-widget-text-editor\" data-id=\"f74daf2\" data-element_type=\"widget\" data-widget_type=\"text-editor.default\">\n\t\t\t\t<div class=\"elementor-widget-container\">\n\t\t\t\t\t\t\t<ul>\n<li><strong>De Tarragone \u00e0 Cambrils (35 km).<\/strong> L&rsquo;h\u00e9ritage romain de Tarragone nous relie \u00e0 l&rsquo;une des civilisations les plus importantes de l&rsquo;histoire de l&rsquo;humanit\u00e9, le modernisme et le vermouth nous accueillent \u00e0 Reus et \u00e0 Cambrils nous go\u00fbtons \u00e0 la cuisine de la mer.<\/li>\n<li><strong>De Cambrils \u00e0 Deltebre (70 km).<\/strong> Nous entrons dans les Terres de l&rsquo;Ebre, un territoire d\u00e9clar\u00e9 r\u00e9serve de biosph\u00e8re pour la grande valeur de ses espaces naturels, son patrimoine humain et son engagement en faveur de la durabilit\u00e9, de son patrimoine humain et de son engagement en faveur de la durabilit\u00e9.<\/li>\n<li><strong>De Deltebre \u00e0 Horta de Sant Joan (67 km).<\/strong> Nous commen\u00e7ons la journ\u00e9e par le chant des oiseaux du Delta de l&rsquo;Ebre, l&rsquo;une des zones humides les plus importantes d&rsquo;Europe, puis nous continuons vers Tortosa et terminons la journ\u00e9e \u00e0 la recherche de Picasso.<\/li>\n<li><strong>De Horta de Sant Joan \u00e0 Falset (67 km).<\/strong> Les vues du parc naturel d&rsquo;Els Ports nous accompagnent lors de notre randonn\u00e9e \u00e0 v\u00e9lo sur la voie verte du Val de Zaf\u00e1n. Nous faisons du v\u00e9lo sur la voie verte du Val de Zaf\u00e1n, visiter les cath\u00e9drales du vin et faire du kayak le long de l &lsquo; Ebre.<\/li>\n<li><strong>De Falset a Montblanc (86 km).<\/strong> De petites routes secondaires nous conduisent \u00e0 travers les petits villages de la r\u00e9gion du Priorat, dont les terres, aussi belles que dures, produisent certains des meilleurs vins de Catalogne.<\/li>\n<li><strong>De Montblanc \u00e0 l&rsquo;Espluga de Francol\u00ed (15 km).<\/strong> Les \u00e9chos de la l\u00e9gende de Sant Jordi guident nos pas le long des murailles de Montblanc avant de ressentir la paix proverbiale du monast\u00e8re de Poblet. La journ\u00e9e se termine par une visite \u00e0 nos anc\u00eatres dans une grotte de l&rsquo;Espluga de Francol\u00ed. <\/li>\n<li><strong>De l&rsquo;Espluga de Francol\u00ed \u00e0 Lleida (78 km).<\/strong> Nous arrivons dans la province de Lleida pour visiter le village m\u00e9di\u00e9val de Guimer\u00e0, nous entrons dans le clo\u00eetre de Vallbona de les Monges, Nous nous arr\u00eatons en chemin pour d\u00e9guster l&rsquo;huile des Garrigues et nous nous promenons le long de l &lsquo; \u00e9tang d&rsquo; Ivars et de Vila-Sana. L&rsquo;itin\u00e9raire se termine par les vues de la Seu de Lleida. <\/li>\n<\/ul>\n\t\t\t\t\t\t<\/div>\n\t\t\t\t<\/div>\n\t\t\t\t\t<\/div>\n\t\t\t\t<\/div>\n\t\t<div class=\"elementor-element elementor-element-6b692a6 e-flex e-con-boxed e-con e-parent\" data-id=\"6b692a6\" data-element_type=\"container\">\n\t\t\t\t\t<div class=\"e-con-inner\">\n\t\t\t\t<div class=\"elementor-element elementor-element-f25b5e6 elementor-widget elementor-widget-heading\" data-id=\"f25b5e6\" data-element_type=\"widget\" data-widget_type=\"heading.default\">\n\t\t\t\t<div class=\"elementor-widget-container\">\n\t\t\t<h2 class=\"elementor-heading-title elementor-size-default\">Points d' int\u00e9r\u00eat \u00e0 Tarragone et Lleida<\/h2>\t\t<\/div>\n\t\t\t\t<\/div>\n\t\t\t\t<div class=\"elementor-element elementor-element-6b4ac7e elementor-widget elementor-widget-text-editor\" data-id=\"6b4ac7e\" data-element_type=\"widget\" data-widget_type=\"text-editor.default\">\n\t\t\t\t<div class=\"elementor-widget-container\">\n\t\t\t\t\t\t\t<p><span class=\"TextRun SCXW71549394 BCX8\" lang=\"ES-ES\" xml:lang=\"ES-ES\" data-contrast=\"none\"><span class=\"NormalTextRun SCXW71549394 BCX8\">Voici <\/span><span class=\"NormalTextRun SCXW71549394 BCX8\">quelques-uns<\/span><span class=\"NormalTextRun SCXW71549394 BCX8\"> des <\/span><span class=\"NormalTextRun SCXW71549394 BCX8\">points<\/span><span class=\"NormalTextRun SCXW71549394 BCX8\"> d&rsquo; <\/span><span class=\"NormalTextRun SCXW71549394 BCX8\">int\u00e9r\u00eat<\/span><span class=\"NormalTextRun SCXW71549394 BCX8\"> que <\/span><span class=\"NormalTextRun SCXW71549394 BCX8\">vous trouverez<\/span> <span class=\"NormalTextRun SCXW71549394 BCX8\">le long<\/span><span class=\"NormalTextRun SCXW71549394 BCX8\"> de l&rsquo;itin\u00e9raire et o\u00f9 nous <\/span><span class=\"NormalTextRun SCXW71549394 BCX8\">vous recommandons<\/span><span class=\"NormalTextRun SCXW71549394 BCX8\"> de vous arr\u00eater pour <\/span><span class=\"NormalTextRun SCXW71549394 BCX8\">d\u00e9couvrir<\/span> <span class=\"NormalTextRun SCXW71549394 BCX8\">de nouvelles<\/span> <span class=\"NormalTextRun SCXW71549394 BCX8\">activit\u00e9s<\/span><span class=\"NormalTextRun SCXW71549394 BCX8\"> et <\/span><span class=\"NormalTextRun SCXW71549394 BCX8\">exp\u00e9riences<\/span><span class=\"NormalTextRun SCXW71549394 BCX8\">.<\/span><\/span><span class=\"EOP SCXW71549394 BCX8\" data-ccp-props=\"{\"201341983\":0,\"335559685\":0,\"335559739\":160,\"335559740\":279}\"> <\/span><\/p>\n<ul>\n<li>Roman Tarragona<\/li>\n<li>Reus<\/li>\n<li>Parc naturel du Delta de l&rsquo;Ebre<\/li>\n<li>Vignobles de Morderne.<\/li>\n<li>El Priorat<\/li>\n<li>Route cistercienne ( Monast\u00e8re de Poblet et Vallbona de les Monges)<\/li>\n<li>Lleida<\/li>\n<\/ul>\n\t\t\t\t\t\t<\/div>\n\t\t\t\t<\/div>\n\t\t\t\t\t<\/div>\n\t\t\t\t<\/div>\n\t\t<div class=\"elementor-element elementor-element-a7cd007 e-flex e-con-boxed e-con e-parent\" data-id=\"a7cd007\" data-element_type=\"container\">\n\t\t\t\t\t<div class=\"e-con-inner\">\n\t\t\t\t<div class=\"elementor-element elementor-element-79d3a67 elementor-widget elementor-widget-text-editor\" data-id=\"79d3a67\" data-element_type=\"widget\" data-widget_type=\"text-editor.default\">\n\t\t\t\t<div class=\"elementor-widget-container\">\n\t\t\t\t\t\t\t<p>En bref, cet itin\u00e9raire \u00e0 moto entre Tarragone et L\u00e9rida combine parfaitement l&rsquo;histoire, les paysages \u00e0 couper le souffle et la culture locale. Une exp\u00e9rience unique qui vous invite \u00e0 d\u00e9couvrir le c\u0153ur de la Catalogne sous un angle diff\u00e9rent. Pr\u00e9parez-vous, d\u00e9marrez votre v\u00e9lo et vivez cette aventure sur deux roues!  <\/p>\n\t\t\t\t\t\t<\/div>\n\t\t\t\t<\/div>\n\t\t\t\t\t<\/div>\n\t\t\t\t<\/div>\n\t\t\t\t<\/div>\n\t\t","protected":false},"excerpt":{"rendered":"<p>Aujourd&rsquo;hui, nous souhaitons partager avec vous une proposition passionnante d&rsquo;itin\u00e9raire pour les amoureux de la moto et des paysages uniques. \u00c0 cette occasion, nous parcourrons [&hellip;]<\/p>\n","protected":false},"author":4,"featured_media":33991,"comment_status":"open","ping_status":"open","sticky":false,"template":"","format":"standard","meta":{"rank_math_lock_modified_date":false,"site-sidebar-layout":"default","site-content-layout":"","ast-site-content-layout":"default","site-content-style":"default","site-sidebar-style":"default","ast-global-header-display":"","ast-banner-title-visibility":"","ast-main-header-display":"","ast-hfb-above-header-display":"","ast-hfb-below-header-display":"","ast-hfb-mobile-header-display":"","site-post-title":"","ast-breadcrumbs-content":"","ast-featured-img":"","footer-sml-layout":"","theme-transparent-header-meta":"","adv-header-id-meta":"","stick-header-meta":"","header-above-stick-meta":"","header-main-stick-meta":"","header-below-stick-meta":"","astra-migrate-meta-layouts":"default","ast-page-background-enabled":"default","ast-page-background-meta":{"desktop":{"background-color":"","background-image":"","background-repeat":"repeat","background-position":"center center","background-size":"auto","background-attachment":"scroll","background-type":"","background-media":"","overlay-type":"","overlay-color":"","overlay-opacity":"","overlay-gradient":""},"tablet":{"background-color":"","background-image":"","background-repeat":"repeat","background-position":"center center","background-size":"auto","background-attachment":"scroll","background-type":"","background-media":"","overlay-type":"","overlay-color":"","overlay-opacity":"","overlay-gradient":""},"mobile":{"background-color":"","background-image":"","background-repeat":"repeat","background-position":"center center","background-size":"auto","background-attachment":"scroll","background-type":"","background-media":"","overlay-type":"","overlay-color":"","overlay-opacity":"","overlay-gradient":""}},"ast-content-background-meta":{"desktop":{"background-color":"var(--ast-global-color-5)","background-image":"","background-repeat":"repeat","background-position":"center center","background-size":"auto","background-attachment":"scroll","background-type":"","background-media":"","overlay-type":"","overlay-color":"","overlay-opacity":"","overlay-gradient":""},"tablet":{"background-color":"var(--ast-global-color-5)","background-image":"","background-repeat":"repeat","background-position":"center center","background-size":"auto","background-attachment":"scroll","background-type":"","background-media":"","overlay-type":"","overlay-color":"","overlay-opacity":"","overlay-gradient":""},"mobile":{"background-color":"var(--ast-global-color-5)","background-image":"","background-repeat":"repeat","background-position":"center center","background-size":"auto","background-attachment":"scroll","background-type":"","background-media":"","overlay-type":"","overlay-color":"","overlay-opacity":"","overlay-gradient":""}},"footnotes":""},"categories":[667],"tags":[1137,1144],"class_list":["post-33998","post","type-post","status-publish","format-standard","has-post-thumbnail","hentry","category-itineraires","tag-grand-tour-de-catalogne","tag-itineraire-moto"],"_links":{"self":[{"href":"https:\/\/atlantismoto.com\/fr\/wp-json\/wp\/v2\/posts\/33998"}],"collection":[{"href":"https:\/\/atlantismoto.com\/fr\/wp-json\/wp\/v2\/posts"}],"about":[{"href":"https:\/\/atlantismoto.com\/fr\/wp-json\/wp\/v2\/types\/post"}],"author":[{"embeddable":true,"href":"https:\/\/atlantismoto.com\/fr\/wp-json\/wp\/v2\/users\/4"}],"replies":[{"embeddable":true,"href":"https:\/\/atlantismoto.com\/fr\/wp-json\/wp\/v2\/comments?post=33998"}],"version-history":[{"count":1,"href":"https:\/\/atlantismoto.com\/fr\/wp-json\/wp\/v2\/posts\/33998\/revisions"}],"predecessor-version":[{"id":33999,"href":"https:\/\/atlantismoto.com\/fr\/wp-json\/wp\/v2\/posts\/33998\/revisions\/33999"}],"wp:featuredmedia":[{"embeddable":true,"href":"https:\/\/atlantismoto.com\/fr\/wp-json\/wp\/v2\/media\/33991"}],"wp:attachment":[{"href":"https:\/\/atlantismoto.com\/fr\/wp-json\/wp\/v2\/media?parent=33998"}],"wp:term":[{"taxonomy":"category","embeddable":true,"href":"https:\/\/atlantismoto.com\/fr\/wp-json\/wp\/v2\/categories?post=33998"},{"taxonomy":"post_tag","embeddable":true,"href":"https:\/\/atlantismoto.com\/fr\/wp-json\/wp\/v2\/tags?post=33998"}],"curies":[{"name":"wp","href":"https:\/\/api.w.org\/{rel}","templated":true}]}}