{"id":33994,"date":"2024-11-25T14:13:43","date_gmt":"2024-11-25T13:13:43","guid":{"rendered":"https:\/\/atlantismoto.com\/ruta-amb-moto-de-tarragona-a-lleida-gaudeix-del-tram-2-del-grand-tour-de-catalunya\/"},"modified":"2024-11-25T14:13:44","modified_gmt":"2024-11-25T13:13:44","slug":"ruta-amb-moto-de-tarragona-a-lleida-gaudeix-del-tram-2-del-grand-tour-de-catalunya","status":"publish","type":"post","link":"https:\/\/atlantismoto.com\/ca\/ruta-amb-moto-de-tarragona-a-lleida-gaudeix-del-tram-2-del-grand-tour-de-catalunya\/","title":{"rendered":"Ruta amb moto de Tarragona a Lleida, gaudeix del Tram 2 del Grand Tour de Catalunya"},"content":{"rendered":"\t\t<div data-elementor-type=\"wp-post\" data-elementor-id=\"33994\" class=\"elementor elementor-33994 elementor-33964\" data-elementor-post-type=\"post\">\n\t\t\t\t<div class=\"elementor-element elementor-element-f016914 e-flex e-con-boxed e-con e-parent\" data-id=\"f016914\" data-element_type=\"container\">\n\t\t\t\t\t<div class=\"e-con-inner\">\n\t\t\t\t<div class=\"elementor-element elementor-element-f77f289 elementor-widget elementor-widget-image\" data-id=\"f77f289\" data-element_type=\"widget\" data-widget_type=\"image.default\">\n\t\t\t\t<div class=\"elementor-widget-container\">\n\t\t\t\t\t\t\t\t\t\t\t\t\t<img fetchpriority=\"high\" decoding=\"async\" width=\"1024\" height=\"576\" src=\"https:\/\/atlantismoto.com\/wp-content\/uploads\/2024\/11\/grand-tour-catalunya-tram-2-1-1024x576.jpg\" class=\"attachment-large size-large wp-image-33989\" alt=\"\" srcset=\"https:\/\/atlantismoto.com\/wp-content\/uploads\/2024\/11\/grand-tour-catalunya-tram-2-1-1024x576.jpg 1024w, https:\/\/atlantismoto.com\/wp-content\/uploads\/2024\/11\/grand-tour-catalunya-tram-2-1-300x169.jpg 300w, https:\/\/atlantismoto.com\/wp-content\/uploads\/2024\/11\/grand-tour-catalunya-tram-2-1-768x432.jpg 768w, https:\/\/atlantismoto.com\/wp-content\/uploads\/2024\/11\/grand-tour-catalunya-tram-2-1-1536x864.jpg 1536w, https:\/\/atlantismoto.com\/wp-content\/uploads\/2024\/11\/grand-tour-catalunya-tram-2-1-scaled.jpg 2048w\" sizes=\"(max-width: 1024px) 100vw, 1024px\">\t\t\t\t\t\t\t\t\t\t\t\t\t<\/div>\n\t\t\t\t<\/div>\n\t\t\t\t<div class=\"elementor-element elementor-element-f6d2228 elementor-widget elementor-widget-text-editor\" data-id=\"f6d2228\" data-element_type=\"widget\" data-widget_type=\"text-editor.default\">\n\t\t\t\t<div class=\"elementor-widget-container\">\n\t\t\t\t\t\t\t<p>Avui volem compartir amb vosaltres una emocionant proposta de ruta amb moto per als amants de les motos i els paisatges \u00fanics. En aquesta ocasi\u00f3, ens endinsem al <a href=\"https:\/\/grandtour.catalunya.com\/ca\/tram\/a-lencontre-de-la-historia\/?utm_campaign=Grand-Tour&amp;utm_medium=Atlantis_BLOG - CA&amp;utm_source=cf&amp;utm_content=Generica\" data-wplink-url-error=\"true\" target=\"_blank\" rel=\"noopener\"><strong>tram 2 del Grand Tour de Catalunya<\/strong><\/a>, una ruta que connecta les hist\u00f2riques ciutats de Tarragona i Lleida, oferint-nos una barreja perfecta de cultura, natura i aventura. <\/p>\n<p>Aquest recorregut, ideal tant per a motoristes experimentats com per a aquells que busquen una escapada diferent, \u00e9s ple de sorpreses, des de carreteres panor\u00e0miques fins a parades obligat\u00f2ries que et deixaran sense al\u00e8. Acompanyeu-nos i descobriu tots els detalls per gaudir al m\u00e0xim d&#8217;aquesta experi\u00e8ncia \u00fanica sobre dues rodes. <\/p>\n\t\t\t\t\t\t<\/div>\n\t\t\t\t<\/div>\n\t\t\t\t\t<\/div>\n\t\t\t\t<\/div>\n\t\t<div class=\"elementor-element elementor-element-8a04c60 e-flex e-con-boxed e-con e-parent\" data-id=\"8a04c60\" data-element_type=\"container\">\n\t\t\t\t\t<div class=\"e-con-inner\">\n\t\t\t\t<div class=\"elementor-element elementor-element-0049ef6 elementor-widget elementor-widget-heading\" data-id=\"0049ef6\" data-element_type=\"widget\" data-widget_type=\"heading.default\">\n\t\t\t\t<div class=\"elementor-widget-container\">\n\t\t\t<h2 class=\"elementor-heading-title elementor-size-default\">Una ruta amb moto plena d\u00b4hist\u00f2ria, natura i cultura<\/h2>\t\t<\/div>\n\t\t\t\t<\/div>\n\t\t\t\t<div class=\"elementor-element elementor-element-a8d5d6f elementor-widget elementor-widget-text-editor\" data-id=\"a8d5d6f\" data-element_type=\"widget\" data-widget_type=\"text-editor.default\">\n\t\t\t\t<div class=\"elementor-widget-container\">\n\t\t\t\t\t\t\t<p>Segle XXI, un emperador i un gladiador romans passegen pels carrers de <strong>Tarragona<\/strong>. La visita als espais arquitect\u00f2nics de l\u2019<strong>antiga Tarraco<\/strong> marca l\u2019inici d\u2019un viatge que ens portar\u00e0 fins al <strong>riu Ebre<\/strong> per seguir el curs fins al Delta, un dels espais de m\u00e9s biodiversitat del pa\u00eds. Pedalarem per un tra\u00e7at ferroviari reconvertit en via verda i buscarem les petjades de <strong>Picasso<\/strong> i <strong>Gaud\u00ed<\/strong>. Les <strong>llegendes del Montsant<\/strong> i els excel\u00b7lents <strong>vins del Priorat<\/strong> seran l\u2019avantsala del silenci mon\u00e0stic de la <strong>Ruta del Cister<\/strong> i de<strong> Lleida<\/strong>, la capital de la Terra Ferma.   <\/p>\n\t\t\t\t\t\t<\/div>\n\t\t\t\t<\/div>\n\t\t\t\t\t<\/div>\n\t\t\t\t<\/div>\n\t\t<div class=\"elementor-element elementor-element-4483d37 e-flex e-con-boxed e-con e-parent\" data-id=\"4483d37\" data-element_type=\"container\">\n\t\t\t\t\t<div class=\"e-con-inner\">\n\t\t\t\t<div class=\"elementor-element elementor-element-edb0555 elementor-widget elementor-widget-heading\" data-id=\"edb0555\" data-element_type=\"widget\" data-widget_type=\"heading.default\">\n\t\t\t\t<div class=\"elementor-widget-container\">\n\t\t\t<h2 class=\"elementor-heading-title elementor-size-default\">Fitxa t\u00e8cnica de la ruta<\/h2>\t\t<\/div>\n\t\t\t\t<\/div>\n\t\t\t\t\t<\/div>\n\t\t\t\t<\/div>\n\t\t<div class=\"elementor-element elementor-element-7c019b8 e-con-full e-flex e-con e-parent\" data-id=\"7c019b8\" data-element_type=\"container\">\n\t\t<div class=\"elementor-element elementor-element-c44b0bb e-con-full e-flex e-con e-child\" data-id=\"c44b0bb\" data-element_type=\"container\">\n\t\t<div class=\"elementor-element elementor-element-c790152 e-con-full e-flex e-con e-child\" data-id=\"c790152\" data-element_type=\"container\">\n\t\t\t\t<div class=\"elementor-element elementor-element-85a69d0 elementor-view-default elementor-position-top elementor-mobile-position-top elementor-widget elementor-widget-icon-box\" data-id=\"85a69d0\" data-element_type=\"widget\" data-widget_type=\"icon-box.default\">\n\t\t\t\t<div class=\"elementor-widget-container\">\n\t\t\t\t\t<div class=\"elementor-icon-box-wrapper\">\n\n\t\t\t\t\t\t<div class=\"elementor-icon-box-icon\">\n\t\t\t\t<span  class=\"elementor-icon elementor-animation-\">\n\t\t\t\t<i aria-hidden=\"true\" class=\"fas fa-map-marked-alt\"><\/i>\t\t\t\t<\/span>\n\t\t\t<\/div>\n\t\t\t\n\t\t\t\t\t\t<div class=\"elementor-icon-box-content\">\n\n\t\t\t\t\t\t\t\t\t<h3 class=\"elementor-icon-box-title\">\n\t\t\t\t\t\t<span  >\n\t\t\t\t\t\t\t418\t\t\t\t\t\t<\/span>\n\t\t\t\t\t<\/h3>\n\t\t\t\t\n\t\t\t\t\t\t\t\t\t<p class=\"elementor-icon-box-description\">\n\t\t\t\t\t\tKM de recorregut\t\t\t\t\t<\/p>\n\t\t\t\t\n\t\t\t<\/div>\n\t\t\t\n\t\t<\/div>\n\t\t\t\t<\/div>\n\t\t\t\t<\/div>\n\t\t\t\t<\/div>\n\t\t<div class=\"elementor-element elementor-element-36b3cee e-con-full e-flex e-con e-child\" data-id=\"36b3cee\" data-element_type=\"container\">\n\t\t\t\t<div class=\"elementor-element elementor-element-eb9f8eb elementor-view-default elementor-position-top elementor-mobile-position-top elementor-widget elementor-widget-icon-box\" data-id=\"eb9f8eb\" data-element_type=\"widget\" data-widget_type=\"icon-box.default\">\n\t\t\t\t<div class=\"elementor-widget-container\">\n\t\t\t\t\t<div class=\"elementor-icon-box-wrapper\">\n\n\t\t\t\t\t\t<div class=\"elementor-icon-box-icon\">\n\t\t\t\t<span  class=\"elementor-icon elementor-animation-\">\n\t\t\t\t<i aria-hidden=\"true\" class=\"fas fa-map-signs\"><\/i>\t\t\t\t<\/span>\n\t\t\t<\/div>\n\t\t\t\n\t\t\t\t\t\t<div class=\"elementor-icon-box-content\">\n\n\t\t\t\t\t\t\t\t\t<h3 class=\"elementor-icon-box-title\">\n\t\t\t\t\t\t<span  >\n\t\t\t\t\t\t\t7\t\t\t\t\t\t<\/span>\n\t\t\t\t\t<\/h3>\n\t\t\t\t\n\t\t\t\t\t\t\t\t\t<p class=\"elementor-icon-box-description\">\n\t\t\t\t\t\tEtapes\t\t\t\t\t<\/p>\n\t\t\t\t\n\t\t\t<\/div>\n\t\t\t\n\t\t<\/div>\n\t\t\t\t<\/div>\n\t\t\t\t<\/div>\n\t\t\t\t<\/div>\n\t\t<div class=\"elementor-element elementor-element-471a813 e-con-full e-flex e-con e-child\" data-id=\"471a813\" data-element_type=\"container\">\n\t\t\t\t<div class=\"elementor-element elementor-element-1f2e976 elementor-view-default elementor-position-top elementor-mobile-position-top elementor-widget elementor-widget-icon-box\" data-id=\"1f2e976\" data-element_type=\"widget\" data-widget_type=\"icon-box.default\">\n\t\t\t\t<div class=\"elementor-widget-container\">\n\t\t\t\t\t<div class=\"elementor-icon-box-wrapper\">\n\n\t\t\t\t\t\t<div class=\"elementor-icon-box-icon\">\n\t\t\t\t<span  class=\"elementor-icon elementor-animation-\">\n\t\t\t\t<i aria-hidden=\"true\" class=\"fas fa-star\"><\/i>\t\t\t\t<\/span>\n\t\t\t<\/div>\n\t\t\t\n\t\t\t\t\t\t<div class=\"elementor-icon-box-content\">\n\n\t\t\t\t\t\t\t\t\t<h3 class=\"elementor-icon-box-title\">\n\t\t\t\t\t\t<span  >\n\t\t\t\t\t\t\t7\t\t\t\t\t\t<\/span>\n\t\t\t\t\t<\/h3>\n\t\t\t\t\n\t\t\t\t\t\t\t\t\t<p class=\"elementor-icon-box-description\">\n\t\t\t\t\t\tImprescindibles\t\t\t\t\t<\/p>\n\t\t\t\t\n\t\t\t<\/div>\n\t\t\t\n\t\t<\/div>\n\t\t\t\t<\/div>\n\t\t\t\t<\/div>\n\t\t\t\t<\/div>\n\t\t\t\t<\/div>\n\t\t\t\t<\/div>\n\t\t<div class=\"elementor-element elementor-element-f8e3352 e-flex e-con-boxed e-con e-parent\" data-id=\"f8e3352\" data-element_type=\"container\">\n\t\t\t\t\t<div class=\"e-con-inner\">\n\t\t\t\t<div class=\"elementor-element elementor-element-5b4b651 elementor-widget elementor-widget-image\" data-id=\"5b4b651\" data-element_type=\"widget\" data-widget_type=\"image.default\">\n\t\t\t\t<div class=\"elementor-widget-container\">\n\t\t\t\t\t\t\t\t\t\t\t\t\t<img decoding=\"async\" width=\"1024\" height=\"683\" src=\"https:\/\/atlantismoto.com\/wp-content\/uploads\/2024\/11\/grand-tour-catalunya-tram-2-1024x683.jpg\" class=\"attachment-large size-large wp-image-33980\" alt=\"\" srcset=\"https:\/\/atlantismoto.com\/wp-content\/uploads\/2024\/11\/grand-tour-catalunya-tram-2-1024x683.jpg 1024w, https:\/\/atlantismoto.com\/wp-content\/uploads\/2024\/11\/grand-tour-catalunya-tram-2-300x200.jpg 300w, https:\/\/atlantismoto.com\/wp-content\/uploads\/2024\/11\/grand-tour-catalunya-tram-2-768x512.jpg 768w, https:\/\/atlantismoto.com\/wp-content\/uploads\/2024\/11\/grand-tour-catalunya-tram-2.jpg 1200w\" sizes=\"(max-width: 1024px) 100vw, 1024px\">\t\t\t\t\t\t\t\t\t\t\t\t\t<\/div>\n\t\t\t\t<\/div>\n\t\t\t\t<div class=\"elementor-element elementor-element-9f2ae05 elementor-widget elementor-widget-heading\" data-id=\"9f2ae05\" data-element_type=\"widget\" data-widget_type=\"heading.default\">\n\t\t\t\t<div class=\"elementor-widget-container\">\n\t\t\t<h2 class=\"elementor-heading-title elementor-size-default\">El Grand Tour de Catalunya proposa 7 etapes per fer aquest recorregut<\/h2>\t\t<\/div>\n\t\t\t\t<\/div>\n\t\t\t\t<div class=\"elementor-element elementor-element-f74daf2 elementor-widget elementor-widget-text-editor\" data-id=\"f74daf2\" data-element_type=\"widget\" data-widget_type=\"text-editor.default\">\n\t\t\t\t<div class=\"elementor-widget-container\">\n\t\t\t\t\t\t\t<ul>\n<li><strong>De Tarragona a Cambrils (35 km).<\/strong> El patrimoni rom\u00e0 de Tarragona ens connecta amb una de les civilitzacions m\u00e9s importants de la hist\u00f2ria de la humanitat, el modernisme i el vermut ens reben a Reus ia Cambrils tastem la cuina marinera.<\/li>\n<li><strong>De Cambrils a Deltebre (70 km).<\/strong> Entrem a les Terres de l&#8217;Ebre, un territori declarat Reserva de la Biosfera pel gran valor dels seus espais naturals, el seu patrimoni hum\u00e0 i la seva aposta per la sostenibilitat.<\/li>\n<li><strong>Del Deltebre a Horta de Sant Joan (67 km).<\/strong> Iniciem el dia amb el cant de les aus del Delta de l&#8217;Ebre, un dels aiguamolls m\u00e9s importants d&#8217;Europa, despr\u00e9s seguim rumb a Tortosa i acabem la jornada buscant Picasso.<\/li>\n<li><strong>D&#8217;Horta de Sant Joan a Falset (67 km).<\/strong> Les vistes del Parc Natural dels Ports ens acompanyen en el nostre recorregut amb bicicleta per la Via Verda de la Val de Zaf\u00e1n, visitem les Catedrals del Vi i solquem les aig\u00fces del riu Ebre amb caiac.<\/li>\n<li><strong>De Falset a Montblanc (86 km).<\/strong> Petites carreteres secund\u00e0ries ens porten pels petits pobles de la comarca del Priorat, de la terra de la qual, tan bonica com dura, surten alguns dels millors vins de Catalunya.<\/li>\n<li><strong>De Montblanc a l\u2019Espluga de Francol\u00ed (15 km).<\/strong> Els ressons de la llegenda de Sant Jordi guien els nostres passos en rec\u00f3rrer la muralla de Montblanc abans de sentir la pau proverbial del monestir de Poblet. El dia es completa amb la visita als nostres avantpassats a una cova de l&#8217;Espluga de Francol\u00ed. <\/li>\n<li><strong>De l\u2019Espluga de Francol\u00ed a Lleida (78 km).<\/strong> Arribem a la Prov\u00edncia de Lleida per visitar el poble medieval de Guimer\u00e0, entrem al claustre de Vallbona de les Monges, fem una parada per degustar l&#8217;oli de les Garrigues i caminem per l&#8217;estany d&#8217;Ivars i Vila-Sana. La ruta s&#8217;acaba amb les vistes des de la Seu de Lleida. <\/li>\n<\/ul>\n\t\t\t\t\t\t<\/div>\n\t\t\t\t<\/div>\n\t\t\t\t\t<\/div>\n\t\t\t\t<\/div>\n\t\t<div class=\"elementor-element elementor-element-6b692a6 e-flex e-con-boxed e-con e-parent\" data-id=\"6b692a6\" data-element_type=\"container\">\n\t\t\t\t\t<div class=\"e-con-inner\">\n\t\t\t\t<div class=\"elementor-element elementor-element-f25b5e6 elementor-widget elementor-widget-heading\" data-id=\"f25b5e6\" data-element_type=\"widget\" data-widget_type=\"heading.default\">\n\t\t\t\t<div class=\"elementor-widget-container\">\n\t\t\t<h2 class=\"elementor-heading-title elementor-size-default\">Punts d'inter\u00e8s a Tarragona i Lleida<\/h2>\t\t<\/div>\n\t\t\t\t<\/div>\n\t\t\t\t<div class=\"elementor-element elementor-element-6b4ac7e elementor-widget elementor-widget-text-editor\" data-id=\"6b4ac7e\" data-element_type=\"widget\" data-widget_type=\"text-editor.default\">\n\t\t\t\t<div class=\"elementor-widget-container\">\n\t\t\t\t\t\t\t<p><span class=\"TextRun SCXW71549394 BCX8\" lang=\"ES-ES\" xml:lang=\"ES-ES\" data-contrast=\"none\"><span class=\"NormalTextRun SCXW71549394 BCX8\">Aquests son <\/span><span class=\"NormalTextRun SCXW71549394 BCX8\">alguns<\/span><span class=\"NormalTextRun SCXW71549394 BCX8\"> dels <\/span><span class=\"NormalTextRun SCXW71549394 BCX8\">punts<\/span><span class=\"NormalTextRun SCXW71549394 BCX8\"> d&#8217; <\/span><span class=\"NormalTextRun SCXW71549394 BCX8\">inter\u00e8s<\/span><span class=\"NormalTextRun SCXW71549394 BCX8\"> que <\/span><span class=\"NormalTextRun SCXW71549394 BCX8\">trobar\u00e0s<\/span> <span class=\"NormalTextRun SCXW71549394 BCX8\">durant<\/span><span class=\"NormalTextRun SCXW71549394 BCX8\"> la ruta i en els quals <\/span><span class=\"NormalTextRun SCXW71549394 BCX8\">recomanem<\/span><span class=\"NormalTextRun SCXW71549394 BCX8\"> parar per <\/span><span class=\"NormalTextRun SCXW71549394 BCX8\">descobrir<\/span> <span class=\"NormalTextRun SCXW71549394 BCX8\">noves<\/span> <span class=\"NormalTextRun SCXW71549394 BCX8\">activitats<\/span><span class=\"NormalTextRun SCXW71549394 BCX8\"> i <\/span><span class=\"NormalTextRun SCXW71549394 BCX8\">experi\u00e8ncies<\/span><span class=\"NormalTextRun SCXW71549394 BCX8\">.<\/span><\/span><span class=\"EOP SCXW71549394 BCX8\" data-ccp-props=\"{\"201341983\":0,\"335559685\":0,\"335559739\":160,\"335559740\":279}\"> <\/span><\/p>\n<ul>\n<li>Tarragona Romana<\/li>\n<li>Reus<\/li>\n<li>Parc Natural del Delta de l\u2019Ebre<\/li>\n<li>Bodegues mordernistes<\/li>\n<li>El Priorat<\/li>\n<li>Ruta del Cister (Monestir de Poblet y Vallbona de les <br \/>Monges)<\/li>\n<li>Lleida<\/li>\n<\/ul>\n\t\t\t\t\t\t<\/div>\n\t\t\t\t<\/div>\n\t\t\t\t\t<\/div>\n\t\t\t\t<\/div>\n\t\t<div class=\"elementor-element elementor-element-a7cd007 e-flex e-con-boxed e-con e-parent\" data-id=\"a7cd007\" data-element_type=\"container\">\n\t\t\t\t\t<div class=\"e-con-inner\">\n\t\t\t\t<div class=\"elementor-element elementor-element-79d3a67 elementor-widget elementor-widget-text-editor\" data-id=\"79d3a67\" data-element_type=\"widget\" data-widget_type=\"text-editor.default\">\n\t\t\t\t<div class=\"elementor-widget-container\">\n\t\t\t\t\t\t\t<p>En resum, aquesta ruta amb moto entre Tarragona i Lleida combina a la perfecci\u00f3 hist\u00f2ria, paisatges impressionants i cultura local. Una experi\u00e8ncia \u00fanica que convida a descobrir el cor de Catalunya des d\u00b4una perspectiva diferent. Prepara&#8217;t, enc\u00e9n la teva moto i viu aquesta aventura sobre dues rodes!  <\/p>\n\t\t\t\t\t\t<\/div>\n\t\t\t\t<\/div>\n\t\t\t\t\t<\/div>\n\t\t\t\t<\/div>\n\t\t\t\t<\/div>\n\t\t","protected":false},"excerpt":{"rendered":"<p>Avui volem compartir amb vosaltres una emocionant proposta de ruta amb moto per als amants de les motos i els paisatges \u00fanics. En aquesta ocasi\u00f3, [&hellip;]<\/p>\n","protected":false},"author":4,"featured_media":33989,"comment_status":"open","ping_status":"open","sticky":false,"template":"","format":"standard","meta":{"rank_math_lock_modified_date":false,"site-sidebar-layout":"default","site-content-layout":"","ast-site-content-layout":"default","site-content-style":"default","site-sidebar-style":"default","ast-global-header-display":"","ast-banner-title-visibility":"","ast-main-header-display":"","ast-hfb-above-header-display":"","ast-hfb-below-header-display":"","ast-hfb-mobile-header-display":"","site-post-title":"","ast-breadcrumbs-content":"","ast-featured-img":"","footer-sml-layout":"","theme-transparent-header-meta":"","adv-header-id-meta":"","stick-header-meta":"","header-above-stick-meta":"","header-main-stick-meta":"","header-below-stick-meta":"","astra-migrate-meta-layouts":"default","ast-page-background-enabled":"default","ast-page-background-meta":{"desktop":{"background-color":"","background-image":"","background-repeat":"repeat","background-position":"center center","background-size":"auto","background-attachment":"scroll","background-type":"","background-media":"","overlay-type":"","overlay-color":"","overlay-opacity":"","overlay-gradient":""},"tablet":{"background-color":"","background-image":"","background-repeat":"repeat","background-position":"center center","background-size":"auto","background-attachment":"scroll","background-type":"","background-media":"","overlay-type":"","overlay-color":"","overlay-opacity":"","overlay-gradient":""},"mobile":{"background-color":"","background-image":"","background-repeat":"repeat","background-position":"center center","background-size":"auto","background-attachment":"scroll","background-type":"","background-media":"","overlay-type":"","overlay-color":"","overlay-opacity":"","overlay-gradient":""}},"ast-content-background-meta":{"desktop":{"background-color":"var(--ast-global-color-5)","background-image":"","background-repeat":"repeat","background-position":"center center","background-size":"auto","background-attachment":"scroll","background-type":"","background-media":"","overlay-type":"","overlay-color":"","overlay-opacity":"","overlay-gradient":""},"tablet":{"background-color":"var(--ast-global-color-5)","background-image":"","background-repeat":"repeat","background-position":"center center","background-size":"auto","background-attachment":"scroll","background-type":"","background-media":"","overlay-type":"","overlay-color":"","overlay-opacity":"","overlay-gradient":""},"mobile":{"background-color":"var(--ast-global-color-5)","background-image":"","background-repeat":"repeat","background-position":"center center","background-size":"auto","background-attachment":"scroll","background-type":"","background-media":"","overlay-type":"","overlay-color":"","overlay-opacity":"","overlay-gradient":""}},"footnotes":""},"categories":[437],"tags":[1063,853],"class_list":["post-33994","post","type-post","status-publish","format-standard","has-post-thumbnail","hentry","category-rutes","tag-grand-tour-de-catalunya","tag-ruta-en-moto-ca"],"_links":{"self":[{"href":"https:\/\/atlantismoto.com\/ca\/wp-json\/wp\/v2\/posts\/33994"}],"collection":[{"href":"https:\/\/atlantismoto.com\/ca\/wp-json\/wp\/v2\/posts"}],"about":[{"href":"https:\/\/atlantismoto.com\/ca\/wp-json\/wp\/v2\/types\/post"}],"author":[{"embeddable":true,"href":"https:\/\/atlantismoto.com\/ca\/wp-json\/wp\/v2\/users\/4"}],"replies":[{"embeddable":true,"href":"https:\/\/atlantismoto.com\/ca\/wp-json\/wp\/v2\/comments?post=33994"}],"version-history":[{"count":1,"href":"https:\/\/atlantismoto.com\/ca\/wp-json\/wp\/v2\/posts\/33994\/revisions"}],"predecessor-version":[{"id":33995,"href":"https:\/\/atlantismoto.com\/ca\/wp-json\/wp\/v2\/posts\/33994\/revisions\/33995"}],"wp:featuredmedia":[{"embeddable":true,"href":"https:\/\/atlantismoto.com\/ca\/wp-json\/wp\/v2\/media\/33989"}],"wp:attachment":[{"href":"https:\/\/atlantismoto.com\/ca\/wp-json\/wp\/v2\/media?parent=33994"}],"wp:term":[{"taxonomy":"category","embeddable":true,"href":"https:\/\/atlantismoto.com\/ca\/wp-json\/wp\/v2\/categories?post=33994"},{"taxonomy":"post_tag","embeddable":true,"href":"https:\/\/atlantismoto.com\/ca\/wp-json\/wp\/v2\/tags?post=33994"}],"curies":[{"name":"wp","href":"https:\/\/api.w.org\/{rel}","templated":true}]}}