{"id":33813,"date":"2024-09-30T09:30:02","date_gmt":"2024-09-30T07:30:02","guid":{"rendered":"https:\/\/atlantismoto.com\/ruta-amb-moto-de-lleida-a-la-seu-durgell-gaudeix-del-tram-3-del-grand-tour-de-catalunya\/"},"modified":"2024-10-01T10:18:17","modified_gmt":"2024-10-01T08:18:17","slug":"ruta-amb-moto-de-lleida-a-la-seu-durgell-gaudeix-del-tram-3-del-grand-tour-de-catalunya","status":"publish","type":"post","link":"https:\/\/atlantismoto.com\/ca\/ruta-amb-moto-de-lleida-a-la-seu-durgell-gaudeix-del-tram-3-del-grand-tour-de-catalunya\/","title":{"rendered":"Ruta amb moto de Lleida a la Seu d\u2019Urgell, gaudeix del Tram 3 del Grand Tour de Catalunya!"},"content":{"rendered":"\t\t<div data-elementor-type=\"wp-post\" data-elementor-id=\"33813\" class=\"elementor elementor-33813 elementor-33625\" data-elementor-post-type=\"post\">\n\t\t\t\t<div class=\"elementor-element elementor-element-a6c954e e-flex e-con-boxed e-con e-parent\" data-id=\"a6c954e\" data-element_type=\"container\">\n\t\t\t\t\t<div class=\"e-con-inner\">\n\t\t\t\t<div class=\"elementor-element elementor-element-3d8d901 elementor-widget elementor-widget-image\" data-id=\"3d8d901\" data-element_type=\"widget\" data-widget_type=\"image.default\">\n\t\t\t\t<div class=\"elementor-widget-container\">\n\t\t\t\t\t\t\t\t\t\t\t\t\t<img fetchpriority=\"high\" decoding=\"async\" width=\"1024\" height=\"576\" src=\"https:\/\/atlantismoto.com\/wp-content\/uploads\/2024\/09\/ruta-en-moto-de-lleida-a-la-seu-urgell-1024x576.jpg\" class=\"attachment-large size-large wp-image-33797\" alt=\"ruta-en-moto-de-lleida-a-la-seu-urgell\" srcset=\"https:\/\/atlantismoto.com\/wp-content\/uploads\/2024\/09\/ruta-en-moto-de-lleida-a-la-seu-urgell-1024x576.jpg 1024w, https:\/\/atlantismoto.com\/wp-content\/uploads\/2024\/09\/ruta-en-moto-de-lleida-a-la-seu-urgell-300x169.jpg 300w, https:\/\/atlantismoto.com\/wp-content\/uploads\/2024\/09\/ruta-en-moto-de-lleida-a-la-seu-urgell-768x432.jpg 768w, https:\/\/atlantismoto.com\/wp-content\/uploads\/2024\/09\/ruta-en-moto-de-lleida-a-la-seu-urgell.jpg 1400w\" sizes=\"(max-width: 1024px) 100vw, 1024px\" \/>\t\t\t\t\t\t\t\t\t\t\t\t\t<\/div>\n\t\t\t\t<\/div>\n\t\t\t\t<div class=\"elementor-element elementor-element-e70e752 elementor-widget elementor-widget-text-editor\" data-id=\"e70e752\" data-element_type=\"widget\" data-widget_type=\"text-editor.default\">\n\t\t\t\t<div class=\"elementor-widget-container\">\n\t\t\t\t\t\t\t<div class=\"elementor-element elementor-element-ae74e9d elementor-widget elementor-widget-text-editor\" data-id=\"ae74e9d\" data-element_type=\"widget\" data-widget_type=\"text-editor.default\">\n<div class=\"elementor-widget-container\">\n<p>Amb la tardor, torna el clima ideal per sortir a rodar amb les nostres motos. Per\u00f2 de vegades trobar la ruta ideal pot ser complicat.<\/p>\n<p>Com sabeu que som apassionats de les rutes i els viatges amb moto, us portem una proposta ideal per a aquesta temporada, es tracta del <a href=\"https:\/\/grandtour.catalunya.com\/ca\/tram\/molt-a-prop-del-cel\/\" target=\"_blank\" rel=\"noopener\"><strong>tram 3 del Grand Tour de Catalunya<\/strong><\/a>, una ruta amb moto que va de Lleida a La Seu d&#8217;Urgell, et comptem tots els detalls a continuaci\u00f3.<\/p>\n<\/div>\n<\/div>\n\t\t\t\t\t\t<\/div>\n\t\t\t\t<\/div>\n\t\t\t\t\t<\/div>\n\t\t\t\t<\/div>\n\t\t<div class=\"elementor-element elementor-element-db39542 e-flex e-con-boxed e-con e-parent\" data-id=\"db39542\" data-element_type=\"container\">\n\t\t\t\t\t<div class=\"e-con-inner\">\n\t\t\t\t<div class=\"elementor-element elementor-element-1380e9f elementor-widget elementor-widget-heading\" data-id=\"1380e9f\" data-element_type=\"widget\" data-widget_type=\"heading.default\">\n\t\t\t\t<div class=\"elementor-widget-container\">\n\t\t\t<h2 class=\"elementor-heading-title elementor-size-default\">Una ruta pels Pirineus i els seus Parcs Nacionals <\/h2>\t\t<\/div>\n\t\t\t\t<\/div>\n\t\t\t\t\t<\/div>\n\t\t\t\t<\/div>\n\t\t<div class=\"elementor-element elementor-element-3ba6524 e-flex e-con-boxed e-con e-parent\" data-id=\"3ba6524\" data-element_type=\"container\">\n\t\t\t\t\t<div class=\"e-con-inner\">\n\t\t\t\t<div class=\"elementor-element elementor-element-2453906 elementor-widget elementor-widget-text-editor\" data-id=\"2453906\" data-element_type=\"widget\" data-widget_type=\"text-editor.default\">\n\t\t\t\t<div class=\"elementor-widget-container\">\n\t\t\t\t\t\t\t<p><span data-contrast=\"none\">Una catedral que observa des de les altures, la de Lleida, ser\u00e0 el nostre punt de partida per endinsar-nos en uns paisatges de vertigen que a la nit ens ofereixen el millor cel estrellat de Catalunya.<\/span><span data-ccp-props=\"{\"201341983\":0,\"335559685\":0,\"335559739\":160,\"335559740\":279}\"> <\/span><\/p>\n<p><span data-contrast=\"none\">Tamb\u00e9 viatjarem fins al cor dels Pirineus, on farem senderisme entre llacs glacials, cascades espectaculars i pobles de muntanya, per despr\u00e9s descobrir una arquitectura rom\u00e0nica que \u00e9s Patrimoni de la Humanitat. <\/span><span data-ccp-props=\"{\"201341983\":0,\"335559685\":0,\"335559739\":160,\"335559740\":279}\"> <\/span><\/p>\n<p><span data-contrast=\"none\">Gaudirem de formatges, embotits artesans i de receptes de muntanya, com ara l\u2019olla aranesa o el civet de c\u00e9rvol.<\/span><\/p>\n\t\t\t\t\t\t<\/div>\n\t\t\t\t<\/div>\n\t\t\t\t\t<\/div>\n\t\t\t\t<\/div>\n\t\t<div class=\"elementor-element elementor-element-7e8b731 e-flex e-con-boxed e-con e-parent\" data-id=\"7e8b731\" data-element_type=\"container\">\n\t\t\t\t\t<div class=\"e-con-inner\">\n\t\t\t\t<div class=\"elementor-element elementor-element-0d32508 elementor-widget elementor-widget-heading\" data-id=\"0d32508\" data-element_type=\"widget\" data-widget_type=\"heading.default\">\n\t\t\t\t<div class=\"elementor-widget-container\">\n\t\t\t<h3 class=\"elementor-heading-title elementor-size-default\">Fitxa t\u00e8cnica de la ruta<\/h3>\t\t<\/div>\n\t\t\t\t<\/div>\n\t\t\t\t<div class=\"elementor-element elementor-element-df2f096 elementor-widget elementor-widget-text-editor\" data-id=\"df2f096\" data-element_type=\"widget\" data-widget_type=\"text-editor.default\">\n\t\t\t\t<div class=\"elementor-widget-container\">\n\t\t\t\t\t\t\t<ul>\n<li>\n<p>357 quil\u00f2metres de recorregut.<\/p>\n<\/li>\n<li>\n<p><span style=\"font-style: inherit; font-weight: inherit; text-align: var(--text-align);\">6 imprescindibles.<\/span><\/p>\n<\/li>\n<li>\n<p><span style=\"font-style: inherit; font-weight: inherit; text-align: var(--text-align);\">5 etapes.<\/span><\/p>\n<\/li>\n<\/ul>\n\t\t\t\t\t\t<\/div>\n\t\t\t\t<\/div>\n\t\t\t\t\t<\/div>\n\t\t\t\t<\/div>\n\t\t<div class=\"elementor-element elementor-element-51bae59 e-flex e-con-boxed e-con e-parent\" data-id=\"51bae59\" data-element_type=\"container\">\n\t\t\t\t\t<div class=\"e-con-inner\">\n\t\t\t\t<div class=\"elementor-element elementor-element-581dafc elementor-widget elementor-widget-image\" data-id=\"581dafc\" data-element_type=\"widget\" data-widget_type=\"image.default\">\n\t\t\t\t<div class=\"elementor-widget-container\">\n\t\t\t\t\t\t\t\t\t\t\t\t\t<img decoding=\"async\" width=\"1024\" height=\"683\" src=\"https:\/\/atlantismoto.com\/wp-content\/uploads\/2024\/09\/grand-tour-catalunya-lleida-seu-urgell-1024x683.jpg\" class=\"attachment-large size-large wp-image-33792\" alt=\"\" srcset=\"https:\/\/atlantismoto.com\/wp-content\/uploads\/2024\/09\/grand-tour-catalunya-lleida-seu-urgell-1024x683.jpg 1024w, https:\/\/atlantismoto.com\/wp-content\/uploads\/2024\/09\/grand-tour-catalunya-lleida-seu-urgell-300x200.jpg 300w, https:\/\/atlantismoto.com\/wp-content\/uploads\/2024\/09\/grand-tour-catalunya-lleida-seu-urgell-768x512.jpg 768w, https:\/\/atlantismoto.com\/wp-content\/uploads\/2024\/09\/grand-tour-catalunya-lleida-seu-urgell.jpg 1200w\" sizes=\"(max-width: 1024px) 100vw, 1024px\">\t\t\t\t\t\t\t\t\t\t\t\t\t<\/div>\n\t\t\t\t<\/div>\n\t\t\t\t\t<\/div>\n\t\t\t\t<\/div>\n\t\t<div class=\"elementor-element elementor-element-b555715 e-flex e-con-boxed e-con e-parent\" data-id=\"b555715\" data-element_type=\"container\">\n\t\t\t\t\t<div class=\"e-con-inner\">\n\t\t\t\t<div class=\"elementor-element elementor-element-e0f0561 elementor-widget elementor-widget-heading\" data-id=\"e0f0561\" data-element_type=\"widget\" data-widget_type=\"heading.default\">\n\t\t\t\t<div class=\"elementor-widget-container\">\n\t\t\t<h3 class=\"elementor-heading-title elementor-size-default\">El Grand Tour de Catalunya proposa 5 etapes per fer aquest recorregut<\/h3>\t\t<\/div>\n\t\t\t\t<\/div>\n\t\t\t\t<div class=\"elementor-element elementor-element-b9d515c elementor-widget elementor-widget-text-editor\" data-id=\"b9d515c\" data-element_type=\"widget\" data-widget_type=\"text-editor.default\">\n\t\t\t\t<div class=\"elementor-widget-container\">\n\t\t\t\t\t\t\t<ul>\n<li><strong>De Lleida a la Pobla de Segur (107 km).<\/strong> El tram arrenca entre catedrals i castells, els de la ciutat de Lleida i els seus voltants. Al capvespre, les estrelles i constel\u00b7lacions del cel del Montsec seran el nostre sostre. <\/li>\n<li><strong>De la Pobla de Segur a Bo\u00ed &#8211; Ta\u00fcll (62 km).<\/strong> Els paisatges de l&#8217;\u00fanic parc nacional de Catalunya, amb els llacs i les muntanyes, i l&#8217;arquitectura de les esgl\u00e9sies rom\u00e0niques de Bo\u00ed, s\u00f3n els protagonistes d&#8217;un dia dedicat a la natura ia la cultura.<\/li>\n<li><strong>De Bo\u00ed \u2013 Ta\u00fcll a Vielha (60 km).<\/strong> Entrem a la Val d&#8217;Aran, un territori dels Pirineus amb llengua pr\u00f2pia i la singularitat d&#8217;una arquitectura, naturalesa i gastronomia condicionades per la seva orientaci\u00f3 geogr\u00e0fica.<\/li>\n<li><strong>De Viella a Sort (74 km).<\/strong> La visita als encantadors pobles de pedra de la Vall d&#8217;Aran \u00e9s el preludi d&#8217;una caminada per un dels paisatges m\u00e9s impressionants dels Pirineus, el circ de Colom\u00e8rs.<\/li>\n<li><strong>De Sort a la Seu d\u2019Urgell (54 km).<\/strong> Les emocions que provoquen les activitats fluvials al riu Noguera Pallaresa marquen aquest dia que finalitza amb la degustaci\u00f3 de formatges premiats en prestigiosos cert\u00e0mens.<\/li>\n<\/ul>\n\t\t\t\t\t\t<\/div>\n\t\t\t\t<\/div>\n\t\t\t\t\t<\/div>\n\t\t\t\t<\/div>\n\t\t<div class=\"elementor-element elementor-element-b63f16c e-flex e-con-boxed e-con e-parent\" data-id=\"b63f16c\" data-element_type=\"container\">\n\t\t\t\t\t<div class=\"e-con-inner\">\n\t\t\t\t<div class=\"elementor-element elementor-element-c633cbf elementor-widget elementor-widget-heading\" data-id=\"c633cbf\" data-element_type=\"widget\" data-widget_type=\"heading.default\">\n\t\t\t\t<div class=\"elementor-widget-container\">\n\t\t\t<h2 class=\"elementor-heading-title elementor-size-default\">Punts d'inter\u00e8s a Lleida i la Seu d\u2019Urgell <\/h2>\t\t<\/div>\n\t\t\t\t<\/div>\n\t\t\t\t<div class=\"elementor-element elementor-element-cfd06b7 elementor-widget elementor-widget-text-editor\" data-id=\"cfd06b7\" data-element_type=\"widget\" data-widget_type=\"text-editor.default\">\n\t\t\t\t<div class=\"elementor-widget-container\">\n\t\t\t\t\t\t\t<ul>\n<li>Lleida <\/li>\n<li>Congost de Mont-rebei<\/li>\n<li>Parc Nacional d&#8217;Aig\u00fcestortes i Estany de Sant Maurici<\/li>\n<li>El Rom\u00e0nic de la Vall de Bo\u00ed<\/li>\n<li>Vall d&#8217;Aran<\/li>\n<li>La Seu d&#8217;Urgell<\/li>\n<\/ul>\n\t\t\t\t\t\t<\/div>\n\t\t\t\t<\/div>\n\t\t\t\t<div class=\"elementor-element elementor-element-14f879d elementor-widget elementor-widget-text-editor\" data-id=\"14f879d\" data-element_type=\"widget\" data-widget_type=\"text-editor.default\">\n\t\t\t\t<div class=\"elementor-widget-container\">\n\t\t\t\t\t\t\t<p><span class=\"TextRun SCXW71549394 BCX8\" lang=\"ES-ES\" xml:lang=\"ES-ES\" data-contrast=\"none\"><span class=\"NormalTextRun SCXW71549394 BCX8\">Aquests son <\/span><span class=\"NormalTextRun SCXW71549394 BCX8\">alguns<\/span><span class=\"NormalTextRun SCXW71549394 BCX8\"> dels <\/span><span class=\"NormalTextRun SCXW71549394 BCX8\">punts<\/span><span class=\"NormalTextRun SCXW71549394 BCX8\"> d&#8217; <\/span><span class=\"NormalTextRun SCXW71549394 BCX8\">inter\u00e8s<\/span><span class=\"NormalTextRun SCXW71549394 BCX8\"> que <\/span><span class=\"NormalTextRun SCXW71549394 BCX8\">trobar\u00e0s<\/span> <span class=\"NormalTextRun SCXW71549394 BCX8\">durant<\/span><span class=\"NormalTextRun SCXW71549394 BCX8\"> la ruta i en els quals <\/span><span class=\"NormalTextRun SCXW71549394 BCX8\">recomanem<\/span><span class=\"NormalTextRun SCXW71549394 BCX8\"> parar per <\/span><span class=\"NormalTextRun SCXW71549394 BCX8\">descobrir<\/span> <span class=\"NormalTextRun SCXW71549394 BCX8\">noves<\/span> <span class=\"NormalTextRun SCXW71549394 BCX8\">activitats<\/span><span class=\"NormalTextRun SCXW71549394 BCX8\"> i <\/span><span class=\"NormalTextRun SCXW71549394 BCX8\">experi\u00e8ncies<\/span><span class=\"NormalTextRun SCXW71549394 BCX8\">.<\/span><\/span><span class=\"EOP SCXW71549394 BCX8\" data-ccp-props=\"{\"201341983\":0,\"335559685\":0,\"335559739\":160,\"335559740\":279}\"> <\/span><\/p>\n\t\t\t\t\t\t<\/div>\n\t\t\t\t<\/div>\n\t\t\t\t<div class=\"elementor-element elementor-element-dc3290b elementor-widget elementor-widget-text-editor\" data-id=\"dc3290b\" data-element_type=\"widget\" data-widget_type=\"text-editor.default\">\n\t\t\t\t<div class=\"elementor-widget-container\">\n\t\t\t\t\t\t\t<p>Descubre toda la informaci\u00f3n y detalles de la ruta <a href=\"https:\/\/grandtour.catalunya.com\/wp-content\/uploads\/2020\/12\/TRAM3_cat_v3.pdf\" target=\"_blank\" rel=\"noopener\"><strong>aqu\u00ed.<\/strong><\/a><\/p>\n\t\t\t\t\t\t<\/div>\n\t\t\t\t<\/div>\n\t\t\t\t<div class=\"elementor-element elementor-element-7f90540 elementor-widget elementor-widget-text-editor\" data-id=\"7f90540\" data-element_type=\"widget\" data-widget_type=\"text-editor.default\">\n\t\t\t\t<div class=\"elementor-widget-container\">\n\t\t\t\t\t\t\t<p><strong>Atenci\u00f3! Podeu trobar i seguir o descarregar el track a l&#8217;<a href=\"\">App d&#8217;AtlantisMOTO.<\/a> <\/strong><\/p>\n\t\t\t\t\t\t<\/div>\n\t\t\t\t<\/div>\n\t\t\t\t\t<\/div>\n\t\t\t\t<\/div>\n\t\t\t\t<\/div>\n\t\t","protected":false},"excerpt":{"rendered":"<p>Amb la tardor, torna el clima ideal per sortir a rodar amb les nostres motos. Per\u00f2 de vegades trobar la ruta ideal pot ser complicat. [&hellip;]<\/p>\n","protected":false},"author":4,"featured_media":33797,"comment_status":"open","ping_status":"open","sticky":false,"template":"","format":"standard","meta":{"rank_math_lock_modified_date":false,"site-sidebar-layout":"default","site-content-layout":"","ast-site-content-layout":"default","site-content-style":"default","site-sidebar-style":"default","ast-global-header-display":"","ast-banner-title-visibility":"","ast-main-header-display":"","ast-hfb-above-header-display":"","ast-hfb-below-header-display":"","ast-hfb-mobile-header-display":"","site-post-title":"","ast-breadcrumbs-content":"","ast-featured-img":"","footer-sml-layout":"","theme-transparent-header-meta":"","adv-header-id-meta":"","stick-header-meta":"","header-above-stick-meta":"","header-main-stick-meta":"","header-below-stick-meta":"","astra-migrate-meta-layouts":"default","ast-page-background-enabled":"default","ast-page-background-meta":{"desktop":{"background-color":"","background-image":"","background-repeat":"repeat","background-position":"center center","background-size":"auto","background-attachment":"scroll","background-type":"","background-media":"","overlay-type":"","overlay-color":"","overlay-opacity":"","overlay-gradient":""},"tablet":{"background-color":"","background-image":"","background-repeat":"repeat","background-position":"center center","background-size":"auto","background-attachment":"scroll","background-type":"","background-media":"","overlay-type":"","overlay-color":"","overlay-opacity":"","overlay-gradient":""},"mobile":{"background-color":"","background-image":"","background-repeat":"repeat","background-position":"center center","background-size":"auto","background-attachment":"scroll","background-type":"","background-media":"","overlay-type":"","overlay-color":"","overlay-opacity":"","overlay-gradient":""}},"ast-content-background-meta":{"desktop":{"background-color":"var(--ast-global-color-5)","background-image":"","background-repeat":"repeat","background-position":"center center","background-size":"auto","background-attachment":"scroll","background-type":"","background-media":"","overlay-type":"","overlay-color":"","overlay-opacity":"","overlay-gradient":""},"tablet":{"background-color":"var(--ast-global-color-5)","background-image":"","background-repeat":"repeat","background-position":"center center","background-size":"auto","background-attachment":"scroll","background-type":"","background-media":"","overlay-type":"","overlay-color":"","overlay-opacity":"","overlay-gradient":""},"mobile":{"background-color":"var(--ast-global-color-5)","background-image":"","background-repeat":"repeat","background-position":"center center","background-size":"auto","background-attachment":"scroll","background-type":"","background-media":"","overlay-type":"","overlay-color":"","overlay-opacity":"","overlay-gradient":""}},"footnotes":""},"categories":[437],"tags":[692,867,797,853,827],"class_list":["post-33813","post","type-post","status-publish","format-standard","has-post-thumbnail","hentry","category-rutes","tag-atlantismoto-max-ca","tag-costa-brava-ca","tag-localitzador-gps-per-a-moto","tag-ruta-en-moto-ca","tag-ruta-moto-estiu"],"_links":{"self":[{"href":"https:\/\/atlantismoto.com\/ca\/wp-json\/wp\/v2\/posts\/33813"}],"collection":[{"href":"https:\/\/atlantismoto.com\/ca\/wp-json\/wp\/v2\/posts"}],"about":[{"href":"https:\/\/atlantismoto.com\/ca\/wp-json\/wp\/v2\/types\/post"}],"author":[{"embeddable":true,"href":"https:\/\/atlantismoto.com\/ca\/wp-json\/wp\/v2\/users\/4"}],"replies":[{"embeddable":true,"href":"https:\/\/atlantismoto.com\/ca\/wp-json\/wp\/v2\/comments?post=33813"}],"version-history":[{"count":1,"href":"https:\/\/atlantismoto.com\/ca\/wp-json\/wp\/v2\/posts\/33813\/revisions"}],"predecessor-version":[{"id":33814,"href":"https:\/\/atlantismoto.com\/ca\/wp-json\/wp\/v2\/posts\/33813\/revisions\/33814"}],"wp:featuredmedia":[{"embeddable":true,"href":"https:\/\/atlantismoto.com\/ca\/wp-json\/wp\/v2\/media\/33797"}],"wp:attachment":[{"href":"https:\/\/atlantismoto.com\/ca\/wp-json\/wp\/v2\/media?parent=33813"}],"wp:term":[{"taxonomy":"category","embeddable":true,"href":"https:\/\/atlantismoto.com\/ca\/wp-json\/wp\/v2\/categories?post=33813"},{"taxonomy":"post_tag","embeddable":true,"href":"https:\/\/atlantismoto.com\/ca\/wp-json\/wp\/v2\/tags?post=33813"}],"curies":[{"name":"wp","href":"https:\/\/api.w.org\/{rel}","templated":true}]}}