{"id":32728,"date":"2024-04-16T11:26:39","date_gmt":"2024-04-16T09:26:39","guid":{"rendered":"https:\/\/atlantismoto.com\/exit-en-el-llancament-the-rebel-monkey-ride-lesdeveniment-de-resistencia-amb-moto-1-600x24\/"},"modified":"2024-05-08T11:55:00","modified_gmt":"2024-05-08T09:55:00","slug":"exit-en-el-llancament-the-rebel-monkey-ride-lesdeveniment-de-resistencia-amb-moto-1-600x24","status":"publish","type":"post","link":"https:\/\/atlantismoto.com\/ca\/exit-en-el-llancament-the-rebel-monkey-ride-lesdeveniment-de-resistencia-amb-moto-1-600x24\/","title":{"rendered":"\u00c8xit en el llan\u00e7ament THE REBEL MONKEY RIDE, l&#8217;esdeveniment de resist\u00e8ncia amb moto 1.600&#215;24"},"content":{"rendered":"\t\t<div data-elementor-type=\"wp-post\" data-elementor-id=\"32728\" class=\"elementor elementor-32728 elementor-32689\" data-elementor-post-type=\"post\">\n\t\t\t\t<div class=\"elementor-element elementor-element-22dd9d2 e-flex e-con-boxed e-con e-parent\" data-id=\"22dd9d2\" data-element_type=\"container\">\n\t\t\t\t\t<div class=\"e-con-inner\">\n\t\t\t\t<div class=\"elementor-element elementor-element-42049b1 elementor-widget elementor-widget-image\" data-id=\"42049b1\" data-element_type=\"widget\" data-widget_type=\"image.default\">\n\t\t\t\t<div class=\"elementor-widget-container\">\n\t\t\t\t\t\t\t\t\t\t\t\t\t<img fetchpriority=\"high\" decoding=\"async\" width=\"1024\" height=\"576\" src=\"https:\/\/atlantismoto.com\/wp-content\/uploads\/2024\/04\/moto-evento-the-rebel-monkey-1024x576.webp\" class=\"attachment-large size-large wp-image-32691\" alt=\"moto-evento-the-rebel-monkey\" srcset=\"https:\/\/atlantismoto.com\/wp-content\/uploads\/2024\/04\/moto-evento-the-rebel-monkey-1024x576.webp 1024w, https:\/\/atlantismoto.com\/wp-content\/uploads\/2024\/04\/moto-evento-the-rebel-monkey-300x169.webp 300w, https:\/\/atlantismoto.com\/wp-content\/uploads\/2024\/04\/moto-evento-the-rebel-monkey-768x432.webp 768w, https:\/\/atlantismoto.com\/wp-content\/uploads\/2024\/04\/moto-evento-the-rebel-monkey-1536x864.webp 1536w, https:\/\/atlantismoto.com\/wp-content\/uploads\/2024\/04\/moto-evento-the-rebel-monkey-scaled.webp 2048w\" sizes=\"(max-width: 1024px) 100vw, 1024px\" \/>\t\t\t\t\t\t\t\t\t\t\t\t\t<\/div>\n\t\t\t\t<\/div>\n\t\t\t\t<div class=\"elementor-element elementor-element-8f14652 elementor-widget elementor-widget-text-editor\" data-id=\"8f14652\" data-element_type=\"widget\" data-widget_type=\"text-editor.default\">\n\t\t\t\t<div class=\"elementor-widget-container\">\n\t\t\t\t\t\t\t<p>El cap de setmana passat (5, 6 i 7 d&#8217;abril), 51 motociclistes provinents de diversos punts d&#8217;Europa, com ara Alemanya, Su\u00efssa, Fran\u00e7a i Portugal, van participar a <a href=\"http:\/\/www.rebelmonkeyride.com\/\" target=\"_blank\" rel=\"noopener\"><strong>The Rebel Monkey Ride<\/strong><\/a>; un esdeveniment de resist\u00e8ncia personalitzat, creat per Julio \u00c1lamo, en qu\u00e8 es proposa una experi\u00e8ncia \u00fanica i desafiant per a tots els participants.<\/p>\n\t\t\t\t\t\t<\/div>\n\t\t\t\t<\/div>\n\t\t\t\t<div class=\"elementor-element elementor-element-94a37dd elementor-widget elementor-widget-text-editor\" data-id=\"94a37dd\" data-element_type=\"widget\" data-widget_type=\"text-editor.default\">\n\t\t\t\t<div class=\"elementor-widget-container\">\n\t\t\t\t\t\t\t<p>L&#8217;objectiu d&#8217;aquest desafiament era clar: <strong>rec\u00f3rrer la dist\u00e0ncia de 1.600 quil\u00f2metres en un termini m\u00e0xim de 24 hores.<\/strong> Les rutes, meticulosament planificades i verificades per Julio, portaven els riders des de Navacerrada (Madrid), passant per ciutats emblem\u00e0tiques com Toledo, Ja\u00e9n, M\u00e0laga, Ronda, un port anomenat el Fita de la V\u00edbora (on s&#8217;ajunten les carreteres de Ubrique, Corts de la Frontera i Alcal\u00e1 de los Gazules), els incre\u00efbles paratges com a Parc Natural Serra de Grazalema, Parc Natural Serra de Hornachuelos i Sierra Morena; continuant el viatge per Guadalupe, Salamanca, \u00c0vila, i L&#8217;Alt del Lle\u00f3, fins a tornar al punt de partida.<\/p>\n\t\t\t\t\t\t<\/div>\n\t\t\t\t<\/div>\n\t\t\t\t<div class=\"elementor-element elementor-element-cbaad35 elementor-widget elementor-widget-text-editor\" data-id=\"cbaad35\" data-element_type=\"widget\" data-widget_type=\"text-editor.default\">\n\t\t\t\t<div class=\"elementor-widget-container\">\n\t\t\t\t\t\t\t<p>Una de les peculiaritats d&#8217;aquest esdeveniment \u00e9s la necessitat que els participants analitzin minuciosament la ruta, identificant els punts de control obligatoris i planificant estrat\u00e8gicament els llocs de prove\u00efment segons l&#8217;autonomia de les motocicletes. A m\u00e9s, han d&#8217;establir un pla de descans i avituallament per maximitzar-ne el rendiment i la seguretat a la carretera.<\/p>\n\t\t\t\t\t\t<\/div>\n\t\t\t\t<\/div>\n\t\t\t\t<div class=\"elementor-element elementor-element-5d84f7c elementor-widget elementor-widget-text-editor\" data-id=\"5d84f7c\" data-element_type=\"widget\" data-widget_type=\"text-editor.default\">\n\t\t\t\t<div class=\"elementor-widget-container\">\n\t\t\t\t\t\t\t<p>Des del divendres 5 d&#8217;abril, els participants es van reunir a la seu de l&#8217;esdeveniment a Navacerrada per a la verificaci\u00f3 de les motocicletes i el lliurament de la documentaci\u00f3 necess\u00e0ria. Com a mesura de seguretat vi\u00e0ria, cada pilot va rebre un <a href=\"https:\/\/atlantismoto.com\/ca\/\"><strong>dispositiu de localitzaci\u00f3 proporcionat per AtlantisMOTO<\/strong><\/a> que permetia a lorganitzaci\u00f3 monitorejar el seu progr\u00e9s i oferia la possibilitat de seguiment per part damics i familiars.<\/p>\n\t\t\t\t\t\t<\/div>\n\t\t\t\t<\/div>\n\t\t\t\t\t<\/div>\n\t\t\t\t<\/div>\n\t\t<div class=\"elementor-element elementor-element-9953041 e-flex e-con-boxed e-con e-parent\" data-id=\"9953041\" data-element_type=\"container\">\n\t\t\t\t\t<div class=\"e-con-inner\">\n\t\t<div class=\"elementor-element elementor-element-0c4724b e-con-full e-flex e-con e-child\" data-id=\"0c4724b\" data-element_type=\"container\">\n\t\t\t\t<div class=\"elementor-element elementor-element-aa0d15b elementor-widget elementor-widget-image\" data-id=\"aa0d15b\" data-element_type=\"widget\" data-widget_type=\"image.default\">\n\t\t\t\t<div class=\"elementor-widget-container\">\n\t\t\t\t\t\t\t\t\t\t\t\t\t<img decoding=\"async\" width=\"1024\" height=\"576\" src=\"https:\/\/atlantismoto.com\/wp-content\/uploads\/2024\/04\/the-rebel-monkey-atlantis-moto-1-1024x576.webp\" class=\"attachment-large size-large wp-image-32707\" alt=\"the-rebel-monkey-atlantis-moto-1\" srcset=\"https:\/\/atlantismoto.com\/wp-content\/uploads\/2024\/04\/the-rebel-monkey-atlantis-moto-1-1024x576.webp 1024w, https:\/\/atlantismoto.com\/wp-content\/uploads\/2024\/04\/the-rebel-monkey-atlantis-moto-1-300x169.webp 300w, https:\/\/atlantismoto.com\/wp-content\/uploads\/2024\/04\/the-rebel-monkey-atlantis-moto-1-768x432.webp 768w, https:\/\/atlantismoto.com\/wp-content\/uploads\/2024\/04\/the-rebel-monkey-atlantis-moto-1-1536x864.webp 1536w, https:\/\/atlantismoto.com\/wp-content\/uploads\/2024\/04\/the-rebel-monkey-atlantis-moto-1-scaled.webp 2048w\" sizes=\"(max-width: 1024px) 100vw, 1024px\" \/>\t\t\t\t\t\t\t\t\t\t\t\t\t<\/div>\n\t\t\t\t<\/div>\n\t\t\t\t<\/div>\n\t\t<div class=\"elementor-element elementor-element-522bd04 e-con-full e-flex e-con e-child\" data-id=\"522bd04\" data-element_type=\"container\">\n\t\t\t\t<div class=\"elementor-element elementor-element-3d1e581 elementor-widget elementor-widget-image\" data-id=\"3d1e581\" data-element_type=\"widget\" data-widget_type=\"image.default\">\n\t\t\t\t<div class=\"elementor-widget-container\">\n\t\t\t\t\t\t\t\t\t\t\t\t\t<img decoding=\"async\" width=\"1024\" height=\"576\" src=\"https:\/\/atlantismoto.com\/wp-content\/uploads\/2024\/04\/the-rebel-monkey-atlantis-moto-2-1024x576.webp\" class=\"attachment-large size-large wp-image-32712\" alt=\"the-rebel-monkey-atlantis-moto-2\" srcset=\"https:\/\/atlantismoto.com\/wp-content\/uploads\/2024\/04\/the-rebel-monkey-atlantis-moto-2-1024x576.webp 1024w, https:\/\/atlantismoto.com\/wp-content\/uploads\/2024\/04\/the-rebel-monkey-atlantis-moto-2-300x169.webp 300w, https:\/\/atlantismoto.com\/wp-content\/uploads\/2024\/04\/the-rebel-monkey-atlantis-moto-2-768x432.webp 768w, https:\/\/atlantismoto.com\/wp-content\/uploads\/2024\/04\/the-rebel-monkey-atlantis-moto-2-1536x864.webp 1536w, https:\/\/atlantismoto.com\/wp-content\/uploads\/2024\/04\/the-rebel-monkey-atlantis-moto-2-scaled.webp 2048w\" sizes=\"(max-width: 1024px) 100vw, 1024px\" \/>\t\t\t\t\t\t\t\t\t\t\t\t\t<\/div>\n\t\t\t\t<\/div>\n\t\t\t\t<\/div>\n\t\t\t\t\t<\/div>\n\t\t\t\t<\/div>\n\t\t<div class=\"elementor-element elementor-element-4482262 e-flex e-con-boxed e-con e-parent\" data-id=\"4482262\" data-element_type=\"container\">\n\t\t\t\t\t<div class=\"e-con-inner\">\n\t\t\t\t<div class=\"elementor-element elementor-element-117ed0a elementor-widget elementor-widget-text-editor\" data-id=\"117ed0a\" data-element_type=\"widget\" data-widget_type=\"text-editor.default\">\n\t\t\t\t<div class=\"elementor-widget-container\">\n\t\t\t\t\t\t\t<p>Amb el rugit dels motors a la matinada de divendres a dissabte, les 51 motocicletes, representant marques ic\u00f2niques com Triumph, BMW, Harley Davidson, Honda, Suzuki, KTM i Yamaha, es van llan\u00e7ar a la carretera per conquistar els primers tres checkpoints i clarejar a M\u00e0laga.<\/p>\n\t\t\t\t\t\t<\/div>\n\t\t\t\t<\/div>\n\t\t\t\t<div class=\"elementor-element elementor-element-38384ad elementor-widget elementor-widget-text-editor\" data-id=\"38384ad\" data-element_type=\"widget\" data-widget_type=\"text-editor.default\">\n\t\t\t\t<div class=\"elementor-widget-container\">\n\t\t\t\t\t\t\t<p>Al llarg del dia, els participants van desafiar quil\u00f2metre a quil\u00f2metre, superant els seus l\u00edmits personals. I, en un impressionant \u00e8xit estad\u00edstic, el 100% dels participants van completar el recorregut abans que expir\u00e9s el temps m\u00e0xim establert.<\/p>\n\t\t\t\t\t\t<\/div>\n\t\t\t\t<\/div>\n\t\t\t\t<div class=\"elementor-element elementor-element-280e8af elementor-widget elementor-widget-text-editor\" data-id=\"280e8af\" data-element_type=\"widget\" data-widget_type=\"text-editor.default\">\n\t\t\t\t<div class=\"elementor-widget-container\">\n\t\t\t\t\t\t\t<p>Destaquem especialment l&#8217;\u00e8xit de Henar Hern\u00e1ndez, que es va convertir en la primera dona espanyola a obtenir el certificat d&#8217;Iron Butt per segona vegada, i de Mar\u00eda Garc\u00eda, en el primer intent.<\/p>\n\t\t\t\t\t\t<\/div>\n\t\t\t\t<\/div>\n\t\t\t\t<div class=\"elementor-element elementor-element-0e3b8d9 elementor-widget elementor-widget-text-editor\" data-id=\"0e3b8d9\" data-element_type=\"widget\" data-widget_type=\"text-editor.default\">\n\t\t\t\t<div class=\"elementor-widget-container\">\n\t\t\t\t\t\t\t<p>La cerim\u00f2nia de certificaci\u00f3, celebrada diumenge, va marcar l?emocionant final d&#8217;aquesta primera edici\u00f3.<\/p>\n\t\t\t\t\t\t<\/div>\n\t\t\t\t<\/div>\n\t\t\t\t<div class=\"elementor-element elementor-element-0da4e11 elementor-widget elementor-widget-text-editor\" data-id=\"0da4e11\" data-element_type=\"widget\" data-widget_type=\"text-editor.default\">\n\t\t\t\t<div class=\"elementor-widget-container\">\n\t\t\t\t\t\t\t<p>La cobertura de The Rebel Monkey Ride, va comptar amb el patrocini de Triumph Espanya, KLIM, Atlantis MOTO, ToroEnMoto, Irons Cafe Racer i MotoADV Televisi\u00f3.<\/p>\n<p>Aquest darrer, el primer canal tem\u00e0tic de TV dedicat enterament al m\u00f3n de l&#8217;aventura sobre dues rodes, va estar present a tot l&#8217;esdeveniment, i est\u00e0 actualment preparant el material gravat per a la seva emissi\u00f3 a Orange TV i varia plataformes locals digitals.<\/p>\n\t\t\t\t\t\t<\/div>\n\t\t\t\t<\/div>\n\t\t\t\t\t<\/div>\n\t\t\t\t<\/div>\n\t\t<div class=\"elementor-element elementor-element-a6b3293 e-flex e-con-boxed e-con e-parent\" data-id=\"a6b3293\" data-element_type=\"container\">\n\t\t\t\t\t<div class=\"e-con-inner\">\n\t\t\t\t<div class=\"elementor-element elementor-element-c65e58d elementor-widget elementor-widget-text-editor\" data-id=\"c65e58d\" data-element_type=\"widget\" data-widget_type=\"text-editor.default\">\n\t\t\t\t<div class=\"elementor-widget-container\">\n\t\t\t\t\t\t\t<p>Font: Nota de premsa THE REBEL MONKEY RIDE. Navatancada 2024<\/p>\n\t\t\t\t\t\t<\/div>\n\t\t\t\t<\/div>\n\t\t\t\t\t<\/div>\n\t\t\t\t<\/div>\n\t\t\t\t<\/div>\n\t\t","protected":false},"excerpt":{"rendered":"<p>El cap de setmana passat (5, 6 i 7 d&#8217;abril), 51 motociclistes provinents de diversos punts d&#8217;Europa, com ara Alemanya, Su\u00efssa, Fran\u00e7a i Portugal, van [&hellip;]<\/p>\n","protected":false},"author":4,"featured_media":32691,"comment_status":"open","ping_status":"open","sticky":false,"template":"","format":"standard","meta":{"rank_math_lock_modified_date":false,"site-sidebar-layout":"default","site-content-layout":"","ast-site-content-layout":"default","site-content-style":"default","site-sidebar-style":"default","ast-global-header-display":"","ast-banner-title-visibility":"","ast-main-header-display":"","ast-hfb-above-header-display":"","ast-hfb-below-header-display":"","ast-hfb-mobile-header-display":"","site-post-title":"","ast-breadcrumbs-content":"","ast-featured-img":"","footer-sml-layout":"","theme-transparent-header-meta":"","adv-header-id-meta":"","stick-header-meta":"","header-above-stick-meta":"","header-main-stick-meta":"","header-below-stick-meta":"","astra-migrate-meta-layouts":"default","ast-page-background-enabled":"default","ast-page-background-meta":{"desktop":{"background-color":"","background-image":"","background-repeat":"repeat","background-position":"center center","background-size":"auto","background-attachment":"scroll","background-type":"","background-media":"","overlay-type":"","overlay-color":"","overlay-opacity":"","overlay-gradient":""},"tablet":{"background-color":"","background-image":"","background-repeat":"repeat","background-position":"center center","background-size":"auto","background-attachment":"scroll","background-type":"","background-media":"","overlay-type":"","overlay-color":"","overlay-opacity":"","overlay-gradient":""},"mobile":{"background-color":"","background-image":"","background-repeat":"repeat","background-position":"center center","background-size":"auto","background-attachment":"scroll","background-type":"","background-media":"","overlay-type":"","overlay-color":"","overlay-opacity":"","overlay-gradient":""}},"ast-content-background-meta":{"desktop":{"background-color":"var(--ast-global-color-5)","background-image":"","background-repeat":"repeat","background-position":"center center","background-size":"auto","background-attachment":"scroll","background-type":"","background-media":"","overlay-type":"","overlay-color":"","overlay-opacity":"","overlay-gradient":""},"tablet":{"background-color":"var(--ast-global-color-5)","background-image":"","background-repeat":"repeat","background-position":"center center","background-size":"auto","background-attachment":"scroll","background-type":"","background-media":"","overlay-type":"","overlay-color":"","overlay-opacity":"","overlay-gradient":""},"mobile":{"background-color":"var(--ast-global-color-5)","background-image":"","background-repeat":"repeat","background-position":"center center","background-size":"auto","background-attachment":"scroll","background-type":"","background-media":"","overlay-type":"","overlay-color":"","overlay-opacity":"","overlay-gradient":""}},"footnotes":""},"categories":[418],"tags":[1125,797,975],"class_list":["post-32728","post","type-post","status-publish","format-standard","has-post-thumbnail","hentry","category-esdeveniments","tag-esdeveniments-moto-2024","tag-localitzador-gps-per-a-moto","tag-moto-esdeveniments"],"_links":{"self":[{"href":"https:\/\/atlantismoto.com\/ca\/wp-json\/wp\/v2\/posts\/32728"}],"collection":[{"href":"https:\/\/atlantismoto.com\/ca\/wp-json\/wp\/v2\/posts"}],"about":[{"href":"https:\/\/atlantismoto.com\/ca\/wp-json\/wp\/v2\/types\/post"}],"author":[{"embeddable":true,"href":"https:\/\/atlantismoto.com\/ca\/wp-json\/wp\/v2\/users\/4"}],"replies":[{"embeddable":true,"href":"https:\/\/atlantismoto.com\/ca\/wp-json\/wp\/v2\/comments?post=32728"}],"version-history":[{"count":1,"href":"https:\/\/atlantismoto.com\/ca\/wp-json\/wp\/v2\/posts\/32728\/revisions"}],"predecessor-version":[{"id":32729,"href":"https:\/\/atlantismoto.com\/ca\/wp-json\/wp\/v2\/posts\/32728\/revisions\/32729"}],"wp:featuredmedia":[{"embeddable":true,"href":"https:\/\/atlantismoto.com\/ca\/wp-json\/wp\/v2\/media\/32691"}],"wp:attachment":[{"href":"https:\/\/atlantismoto.com\/ca\/wp-json\/wp\/v2\/media?parent=32728"}],"wp:term":[{"taxonomy":"category","embeddable":true,"href":"https:\/\/atlantismoto.com\/ca\/wp-json\/wp\/v2\/categories?post=32728"},{"taxonomy":"post_tag","embeddable":true,"href":"https:\/\/atlantismoto.com\/ca\/wp-json\/wp\/v2\/tags?post=32728"}],"curies":[{"name":"wp","href":"https:\/\/api.w.org\/{rel}","templated":true}]}}