{"id":32226,"date":"2024-02-19T11:00:28","date_gmt":"2024-02-19T10:00:28","guid":{"rendered":"https:\/\/atlantismoto.com\/noves-normes-de-la-dgt-per-a-tots-els-motoristes-que-entrararan-en-vigor-aquest-2024\/"},"modified":"2024-02-19T11:00:30","modified_gmt":"2024-02-19T10:00:30","slug":"noves-normes-de-la-dgt-per-a-tots-els-motoristes-que-entrararan-en-vigor-aquest-2024","status":"publish","type":"post","link":"https:\/\/atlantismoto.com\/ca\/noves-normes-de-la-dgt-per-a-tots-els-motoristes-que-entrararan-en-vigor-aquest-2024\/","title":{"rendered":"Noves normes de la DGT per a tots els motoristes que entrarar\u00e1n en vigor aquest 2024"},"content":{"rendered":"\t\t<div data-elementor-type=\"wp-post\" data-elementor-id=\"32226\" class=\"elementor elementor-32226 elementor-32215\" data-elementor-post-type=\"post\">\n\t\t\t\t<div class=\"elementor-element elementor-element-a332dcf e-flex e-con-boxed e-con e-parent\" data-id=\"a332dcf\" data-element_type=\"container\">\n\t\t\t\t\t<div class=\"e-con-inner\">\n\t\t\t\t<div class=\"elementor-element elementor-element-3a9d56c elementor-widget elementor-widget-image\" data-id=\"3a9d56c\" data-element_type=\"widget\" data-widget_type=\"image.default\">\n\t\t\t\t<div class=\"elementor-widget-container\">\n\t\t\t\t\t\t\t\t\t\t\t\t\t<img fetchpriority=\"high\" decoding=\"async\" width=\"1024\" height=\"576\" src=\"https:\/\/atlantismoto.com\/wp-content\/uploads\/2024\/02\/nuevas-normas-motoristas-dgt-1024x576.jpg\" class=\"attachment-large size-large wp-image-32218\" alt=\"nuevas normas para los motoristas DGT\" srcset=\"https:\/\/atlantismoto.com\/wp-content\/uploads\/2024\/02\/nuevas-normas-motoristas-dgt-1024x576.jpg 1024w, https:\/\/atlantismoto.com\/wp-content\/uploads\/2024\/02\/nuevas-normas-motoristas-dgt-300x169.jpg 300w, https:\/\/atlantismoto.com\/wp-content\/uploads\/2024\/02\/nuevas-normas-motoristas-dgt-768x432.jpg 768w, https:\/\/atlantismoto.com\/wp-content\/uploads\/2024\/02\/nuevas-normas-motoristas-dgt-1536x864.jpg 1536w, https:\/\/atlantismoto.com\/wp-content\/uploads\/2024\/02\/nuevas-normas-motoristas-dgt-2048x1152.jpg 2048w\" sizes=\"(max-width: 1024px) 100vw, 1024px\" \/>\t\t\t\t\t\t\t\t\t\t\t\t\t<\/div>\n\t\t\t\t<\/div>\n\t\t\t\t<div class=\"elementor-element elementor-element-7aaa773 elementor-widget elementor-widget-text-editor\" data-id=\"7aaa773\" data-element_type=\"widget\" data-widget_type=\"text-editor.default\">\n\t\t\t\t<div class=\"elementor-widget-container\">\n\t\t\t\t\t\t\t<p>El 2023, <strong>1.145 persones van perdre la vida en accidents de tr\u00e0nsit<\/strong> (tres menys que el 2022) i 4.495 m\u00e9s van patir ferides que van requerir ingr\u00e9s hospitalari. De totes les v\u00edctimes mortals, <strong>299 eren motoristes, un 19% m\u00e9s que l&#8217;any anterior<\/strong>, quan en van ser 254. Es tracta de la xifra m\u00e9s alta registrada des del 2014.<\/p>\n<p>Els vehicles de dues rodes s\u00f3n, de fet, una de les m\u00e0ximes preocupacions de la <a href=\"https:\/\/www.dgt.es\/inicio\/\" target=\"_blank\" rel=\"noopener\"><strong>Direcci\u00f3 General de Tr\u00e0nsit (DGT)<\/strong><\/a>, que davant l&#8217;alarmant de les dades ha anunciat una <strong>bateria de mesures<\/strong> per combatre la sinistralitat al col\u00b7lectiu de motoristes. Mesures que suposaran un enduriment de les normes actuals, segons va avan\u00e7ar el ministre de l&#8217;Interior, Fernando Grande-Marlaska, durant la <strong>presentaci\u00f3 del balan\u00e7 de la sinistralitat vi\u00e0ria el 2023<\/strong>. (<a href=\"https:\/\/www.elperiodico.com\/es\/sociedad\/20240104\/trafico-dgt-motoristas-cascos-guantes-carretera-cursos-obligatorios-96532560\" target=\"_blank\" rel=\"noopener\"><strong>Font: El Peri\u00f3dico<\/strong><\/a>).<\/p>\n<p>A continuaci\u00f3, t&#8217;expliquem amb m\u00e9s detall les noves mesures que afectaran els motoristes (<strong>aquestes normes encara no est\u00e1n aprobades<\/strong>):<\/p>\n\t\t\t\t\t\t<\/div>\n\t\t\t\t<\/div>\n\t\t\t\t\t<\/div>\n\t\t\t\t<\/div>\n\t\t<div class=\"elementor-element elementor-element-02d60d0 e-flex e-con-boxed e-con e-parent\" data-id=\"02d60d0\" data-element_type=\"container\">\n\t\t\t\t\t<div class=\"e-con-inner\">\n\t\t\t\t<div class=\"elementor-element elementor-element-e3cbf20 elementor-widget elementor-widget-heading\" data-id=\"e3cbf20\" data-element_type=\"widget\" data-widget_type=\"heading.default\">\n\t\t\t\t<div class=\"elementor-widget-container\">\n\t\t\t<h2 class=\"elementor-heading-title elementor-size-default\">Es prohibir\u00e0 l'\u00fas de cascos de moto oberts (tipus Jet)<\/h2>\t\t<\/div>\n\t\t\t\t<\/div>\n\t\t\t\t<div class=\"elementor-element elementor-element-c620774 elementor-widget elementor-widget-text-editor\" data-id=\"c620774\" data-element_type=\"widget\" data-widget_type=\"text-editor.default\">\n\t\t\t\t<div class=\"elementor-widget-container\">\n\t\t\t\t\t\t\t<p><strong>A partir d&#8217;aquest any, ja no es podran fer servir els cascs oberts.<\/strong> Els cascos que deixen la cara al descobert, com els de tipus Jet deixaran de ser permesos. La DGT nom\u00e9s autoritzar\u00e0 l\u00fas de cascos integrals i modulars per circular.<\/p>\n<p><strong>Com pots saber si el teu casc de moto est\u00e0 homologat?<\/strong> Haur\u00e0s de buscar una etiqueta o inscripci\u00f3 al teu casc, que sol estar a la part del darrere o en una petita etiqueta dins del propi casc. S&#8217;hi haur\u00e0 de reflectir la lletra &#8216;E&#8217; seguit d&#8217;un n\u00famero en un cercle. Aix\u00f2 \u00e9s que compleix l&#8217;homologaci\u00f3 europea, i el n\u00famero indica el pa\u00eds on ha passat la prova, del 0 al 18 (Espanya \u00e9s el 09).<\/p>\n\t\t\t\t\t\t<\/div>\n\t\t\t\t<\/div>\n\t\t\t\t\t<\/div>\n\t\t\t\t<\/div>\n\t\t<div class=\"elementor-element elementor-element-37d32e4 e-flex e-con-boxed e-con e-parent\" data-id=\"37d32e4\" data-element_type=\"container\">\n\t\t\t\t\t<div class=\"e-con-inner\">\n\t\t\t\t<div class=\"elementor-element elementor-element-e22a551 elementor-widget elementor-widget-heading\" data-id=\"e22a551\" data-element_type=\"widget\" data-widget_type=\"heading.default\">\n\t\t\t\t<div class=\"elementor-widget-container\">\n\t\t\t<h2 class=\"elementor-heading-title elementor-size-default\">Ser\u00e0 obligatori l'\u00fas de guants homologats per anar amb moto<\/h2>\t\t<\/div>\n\t\t\t\t<\/div>\n\t\t\t\t<div class=\"elementor-element elementor-element-94a0815 elementor-widget elementor-widget-text-editor\" data-id=\"94a0815\" data-element_type=\"widget\" data-widget_type=\"text-editor.default\">\n\t\t\t\t<div class=\"elementor-widget-container\">\n\t\t\t\t\t\t\t<p>Fins ara no estava sancionat el fet d&#8217;anar sense guants a la moto; cadasc\u00fa era lliure d&#8217;anar amb o sense ells. Ara ja no, i no nom\u00e9s aix\u00f2, sin\u00f3 que a m\u00e9s a m\u00e9s hauran de comptar amb una <strong>homologaci\u00f3 europea igual que els cascos<\/strong>.<\/p>\n\t\t\t\t\t\t<\/div>\n\t\t\t\t<\/div>\n\t\t\t\t<div class=\"elementor-element elementor-element-e777cb6 elementor-widget elementor-widget-text-editor\" data-id=\"e777cb6\" data-element_type=\"widget\" data-widget_type=\"text-editor.default\">\n\t\t\t\t<div class=\"elementor-widget-container\">\n\t\t\t\t\t\t\t<p><strong>Quina ser\u00e0 la multa per no portar casc o guants no homologats amb moto?<\/strong> Amb la Llei de tr\u00e0nsit a la m\u00e0, article 76, ja es multa la utilitzaci\u00f3 d&#8217;un casc no homologat. Diu aix\u00ed: &#8220;No fer \u00fas, o no fer-ho de manera adequada, del cintur\u00f3 de seguretat, sistemes de retenci\u00f3 infantil, casc i altres elements de protecci\u00f3 obligatoris&#8221;, tamb\u00e9 aplicable als guants a partir d&#8217;ara.<\/p>\n<p><strong>La multa correspon a una infracci\u00f3 lleu amb una c\u00e0rrega de 200 euros, 100 euros amb possibilitat de pagament aviat.<\/strong><\/p>\n\t\t\t\t\t\t<\/div>\n\t\t\t\t<\/div>\n\t\t\t\t\t<\/div>\n\t\t\t\t<\/div>\n\t\t<div class=\"elementor-element elementor-element-74703b7 e-flex e-con-boxed e-con e-parent\" data-id=\"74703b7\" data-element_type=\"container\">\n\t\t\t\t\t<div class=\"e-con-inner\">\n\t\t\t\t<div class=\"elementor-element elementor-element-7797d47 elementor-widget elementor-widget-heading\" data-id=\"7797d47\" data-element_type=\"widget\" data-widget_type=\"heading.default\">\n\t\t\t\t<div class=\"elementor-widget-container\">\n\t\t\t<h2 class=\"elementor-heading-title elementor-size-default\">Els conductors amb perm\u00eds B hauran de fer un curs per conduir motos<\/h2>\t\t<\/div>\n\t\t\t\t<\/div>\n\t\t\t\t<div class=\"elementor-element elementor-element-11824dc elementor-widget elementor-widget-text-editor\" data-id=\"11824dc\" data-element_type=\"widget\" data-widget_type=\"text-editor.default\">\n\t\t\t\t<div class=\"elementor-widget-container\">\n\t\t\t\t\t\t\t<p>Un\u00a0altra novetat\u00a0estar\u00e0 enfocat als cursos de conducci\u00f3. Fins ara, els conductors amb perm\u00eds B (turismes) que tenien\u00a0<span class=\"hiddenGreenError\">3<\/span>\u00a0anys d&#8217;antiguitat podien conduir motos de fins a 125 cent\u00edmetres c\u00fabics. A partir d&#8217;ara, hauran de fer un curs espec\u00edfic per obtenir el perm\u00eds, cosa que ja passa a pa\u00efsos com Fran\u00e7a o Alemanya.<\/p>\n\t\t\t\t\t\t<\/div>\n\t\t\t\t<\/div>\n\t\t\t\t<div class=\"elementor-element elementor-element-233fafa elementor-widget elementor-widget-text-editor\" data-id=\"233fafa\" data-element_type=\"widget\" data-widget_type=\"text-editor.default\">\n\t\t\t\t<div class=\"elementor-widget-container\">\n\t\t\t\t\t\t\t<p>Com a motards, som conscients que, en anar sobre dues rodes, estem m\u00e9s exposats i vulnerables a la carretera. La <strong>seguretat<\/strong> \u00e9s primordial per a nosaltres, i a AtlantisMOTO ho sabem. Per aix\u00f2, amb els nostres sistemes no nom\u00e9s us protegim contra el robatori de la moto, sin\u00f3 que tamb\u00e9 volem oferir <strong>seguretat per al motorista<\/strong> en cas d&#8217;un possible accident amb el nostre <a href=\"https:\/\/atlantismoto.com\/ca\/preguntes-frequents-sobre-el-sistema-de-deteccio-de-caigudes\/\"><strong>sistema de detecci\u00f3 de caigudes<\/strong><\/a>.<\/p>\n\t\t\t\t\t\t<\/div>\n\t\t\t\t<\/div>\n\t\t\t\t\t<\/div>\n\t\t\t\t<\/div>\n\t\t\t\t<\/div>\n\t\t","protected":false},"excerpt":{"rendered":"<p>En aquest article t&#8217;expliquem amb detall les noves mesures impulsades per la DGT per a motoristes que es preveu que s&#8217;aprovin aquest 2024.<\/p>\n","protected":false},"author":4,"featured_media":0,"comment_status":"open","ping_status":"open","sticky":false,"template":"","format":"standard","meta":{"rank_math_lock_modified_date":false,"site-sidebar-layout":"default","site-content-layout":"","ast-site-content-layout":"default","site-content-style":"default","site-sidebar-style":"default","ast-global-header-display":"","ast-banner-title-visibility":"","ast-main-header-display":"","ast-hfb-above-header-display":"","ast-hfb-below-header-display":"","ast-hfb-mobile-header-display":"","site-post-title":"","ast-breadcrumbs-content":"","ast-featured-img":"","footer-sml-layout":"","theme-transparent-header-meta":"","adv-header-id-meta":"","stick-header-meta":"","header-above-stick-meta":"","header-main-stick-meta":"","header-below-stick-meta":"","astra-migrate-meta-layouts":"default","ast-page-background-enabled":"default","ast-page-background-meta":{"desktop":{"background-color":"","background-image":"","background-repeat":"repeat","background-position":"center center","background-size":"auto","background-attachment":"scroll","background-type":"","background-media":"","overlay-type":"","overlay-color":"","overlay-opacity":"","overlay-gradient":""},"tablet":{"background-color":"","background-image":"","background-repeat":"repeat","background-position":"center center","background-size":"auto","background-attachment":"scroll","background-type":"","background-media":"","overlay-type":"","overlay-color":"","overlay-opacity":"","overlay-gradient":""},"mobile":{"background-color":"","background-image":"","background-repeat":"repeat","background-position":"center center","background-size":"auto","background-attachment":"scroll","background-type":"","background-media":"","overlay-type":"","overlay-color":"","overlay-opacity":"","overlay-gradient":""}},"ast-content-background-meta":{"desktop":{"background-color":"var(--ast-global-color-5)","background-image":"","background-repeat":"repeat","background-position":"center center","background-size":"auto","background-attachment":"scroll","background-type":"","background-media":"","overlay-type":"","overlay-color":"","overlay-opacity":"","overlay-gradient":""},"tablet":{"background-color":"var(--ast-global-color-5)","background-image":"","background-repeat":"repeat","background-position":"center center","background-size":"auto","background-attachment":"scroll","background-type":"","background-media":"","overlay-type":"","overlay-color":"","overlay-opacity":"","overlay-gradient":""},"mobile":{"background-color":"var(--ast-global-color-5)","background-image":"","background-repeat":"repeat","background-position":"center center","background-size":"auto","background-attachment":"scroll","background-type":"","background-media":"","overlay-type":"","overlay-color":"","overlay-opacity":"","overlay-gradient":""}},"footnotes":""},"categories":[379],"tags":[],"class_list":["post-32226","post","type-post","status-publish","format-standard","hentry","category-noticies"],"_links":{"self":[{"href":"https:\/\/atlantismoto.com\/ca\/wp-json\/wp\/v2\/posts\/32226"}],"collection":[{"href":"https:\/\/atlantismoto.com\/ca\/wp-json\/wp\/v2\/posts"}],"about":[{"href":"https:\/\/atlantismoto.com\/ca\/wp-json\/wp\/v2\/types\/post"}],"author":[{"embeddable":true,"href":"https:\/\/atlantismoto.com\/ca\/wp-json\/wp\/v2\/users\/4"}],"replies":[{"embeddable":true,"href":"https:\/\/atlantismoto.com\/ca\/wp-json\/wp\/v2\/comments?post=32226"}],"version-history":[{"count":1,"href":"https:\/\/atlantismoto.com\/ca\/wp-json\/wp\/v2\/posts\/32226\/revisions"}],"predecessor-version":[{"id":32227,"href":"https:\/\/atlantismoto.com\/ca\/wp-json\/wp\/v2\/posts\/32226\/revisions\/32227"}],"wp:attachment":[{"href":"https:\/\/atlantismoto.com\/ca\/wp-json\/wp\/v2\/media?parent=32226"}],"wp:term":[{"taxonomy":"category","embeddable":true,"href":"https:\/\/atlantismoto.com\/ca\/wp-json\/wp\/v2\/categories?post=32226"},{"taxonomy":"post_tag","embeddable":true,"href":"https:\/\/atlantismoto.com\/ca\/wp-json\/wp\/v2\/tags?post=32226"}],"curies":[{"name":"wp","href":"https:\/\/api.w.org\/{rel}","templated":true}]}}