{"id":31157,"date":"2024-01-03T12:25:46","date_gmt":"2024-01-03T11:25:46","guid":{"rendered":"https:\/\/atlantismoto.com\/long-way-east-el-viatge-de-federico-marretta\/"},"modified":"2024-01-03T12:25:46","modified_gmt":"2024-01-03T11:25:46","slug":"long-way-east-el-viatge-de-federico-marretta","status":"publish","type":"post","link":"https:\/\/atlantismoto.com\/ca\/long-way-east-el-viatge-de-federico-marretta\/","title":{"rendered":"Long Way East, el viatge de Federico Marretta"},"content":{"rendered":"\t\t<div data-elementor-type=\"wp-post\" data-elementor-id=\"31157\" class=\"elementor elementor-31157 elementor-31136\" data-elementor-post-type=\"post\">\n\t\t\t\t<div class=\"elementor-element elementor-element-8f73ccf e-flex e-con-boxed e-con e-parent\" data-id=\"8f73ccf\" data-element_type=\"container\">\n\t\t\t\t\t<div class=\"e-con-inner\">\n\t\t\t\t<div class=\"elementor-element elementor-element-68f2f5f elementor-widget elementor-widget-image\" data-id=\"68f2f5f\" data-element_type=\"widget\" data-widget_type=\"image.default\">\n\t\t\t\t<div class=\"elementor-widget-container\">\n\t\t\t\t\t\t\t\t\t\t\t\t\t<img fetchpriority=\"high\" decoding=\"async\" width=\"1024\" height=\"576\" src=\"https:\/\/atlantismoto.com\/wp-content\/uploads\/2024\/01\/long-way-east-federico-marretta-1024x576.jpg\" class=\"attachment-large size-large wp-image-31139\" alt=\"long-way-east-federico-marretta\" srcset=\"https:\/\/atlantismoto.com\/wp-content\/uploads\/2024\/01\/long-way-east-federico-marretta-1024x576.jpg 1024w, https:\/\/atlantismoto.com\/wp-content\/uploads\/2024\/01\/long-way-east-federico-marretta-300x169.jpg 300w, https:\/\/atlantismoto.com\/wp-content\/uploads\/2024\/01\/long-way-east-federico-marretta-768x432.jpg 768w, https:\/\/atlantismoto.com\/wp-content\/uploads\/2024\/01\/long-way-east-federico-marretta-1536x864.jpg 1536w, https:\/\/atlantismoto.com\/wp-content\/uploads\/2024\/01\/long-way-east-federico-marretta-2048x1152.jpg 2048w\" sizes=\"(max-width: 1024px) 100vw, 1024px\" \/>\t\t\t\t\t\t\t\t\t\t\t\t\t<\/div>\n\t\t\t\t<\/div>\n\t\t\t\t<div class=\"elementor-element elementor-element-8e12fda elementor-widget elementor-widget-text-editor\" data-id=\"8e12fda\" data-element_type=\"widget\" data-widget_type=\"text-editor.default\">\n\t\t\t\t<div class=\"elementor-widget-container\">\n\t\t\t\t\t\t\t<p>Federico Marreta \u00e9s un motoviager itali\u00e0 que va viatjar durant 100 dies i 26.000 km des d&#8217;It\u00e0lia fins a Mong\u00f2lia. Un any despr\u00e9s del seu viatge, s&#8217;ha estrenat el seu docufilm <strong>LONG WAY EAST<\/strong>, distribu\u00eft per Minerva Pictures i visible en plataformes com Amazon Prime, Apple TV, Rakuten, Google Play, CHILI i Pluto TV.<\/p>\n\t\t\t\t\t\t<\/div>\n\t\t\t\t<\/div>\n\t\t\t\t<div class=\"elementor-element elementor-element-4ae0bdd elementor-widget elementor-widget-heading\" data-id=\"4ae0bdd\" data-element_type=\"widget\" data-widget_type=\"heading.default\">\n\t\t\t\t<div class=\"elementor-widget-container\">\n\t\t\t<h2 class=\"elementor-heading-title elementor-size-default\">El docufilm: Long Way East<\/h2>\t\t<\/div>\n\t\t\t\t<\/div>\n\t\t\t\t<div class=\"elementor-element elementor-element-9d72ccf elementor-widget elementor-widget-text-editor\" data-id=\"9d72ccf\" data-element_type=\"widget\" data-widget_type=\"text-editor.default\">\n\t\t\t\t<div class=\"elementor-widget-container\">\n\t\t\t\t\t\t\t<p><strong>Long Way East<\/strong> ens mostra el somni de Federico Marretta, 26.000 km des d&#8217;It\u00e0lia fins a Mong\u00f2lia muntat a la seva moto, una Ktm 1290 Super Adventure R, on hist\u00f2ries de diferents pobles, cultures i religions es fonen al llarg de la Ruta de la Seda.<\/p>\n<p>Descobrint-se a si mateix, obrint el cor a altres cultures i ajudant a la gent a trav\u00e9s del voleibol.<\/p>\n\t\t\t\t\t\t<\/div>\n\t\t\t\t<\/div>\n\t\t\t\t\t<\/div>\n\t\t\t\t<\/div>\n\t\t<div class=\"elementor-element elementor-element-0722c35 e-flex e-con-boxed e-con e-parent\" data-id=\"0722c35\" data-element_type=\"container\">\n\t\t\t\t\t<div class=\"e-con-inner\">\n\t\t\t\t<div class=\"elementor-element elementor-element-89228c1 elementor-widget elementor-widget-video\" data-id=\"89228c1\" data-element_type=\"widget\" data-settings=\"{&quot;youtube_url&quot;:&quot;https:\\\/\\\/www.youtube.com\\\/watch?v=Yu5fyBT5KQE&quot;,&quot;video_type&quot;:&quot;youtube&quot;,&quot;controls&quot;:&quot;yes&quot;}\" data-widget_type=\"video.default\">\n\t\t\t\t<div class=\"elementor-widget-container\">\n\t\t\t\t\t<div class=\"elementor-wrapper elementor-open-inline\">\n\t\t\t<div class=\"elementor-video\"><\/div>\t\t<\/div>\n\t\t\t\t<\/div>\n\t\t\t\t<\/div>\n\t\t\t\t\t<\/div>\n\t\t\t\t<\/div>\n\t\t<div class=\"elementor-element elementor-element-c6f8da1 e-flex e-con-boxed e-con e-parent\" data-id=\"c6f8da1\" data-element_type=\"container\">\n\t\t\t\t\t<div class=\"e-con-inner\">\n\t\t\t\t<div class=\"elementor-element elementor-element-a5b40aa elementor-widget elementor-widget-text-editor\" data-id=\"a5b40aa\" data-element_type=\"widget\" data-widget_type=\"text-editor.default\">\n\t\t\t\t<div class=\"elementor-widget-container\">\n\t\t\t\t\t\t\t<p>Des d&#8217;AtlantisMOTO, \u00e9s un plaer comptar amb Federico Marretta com a ambaixador de la nostra marca i haver pogut acompanyar-lo en aquesta gran aventura, protegint-lo i seguint totes les seves rutes.<\/p>\n\t\t\t\t\t\t<\/div>\n\t\t\t\t<\/div>\n\t\t\t\t<div class=\"elementor-element elementor-element-44c0ba8 elementor-widget elementor-widget-image\" data-id=\"44c0ba8\" data-element_type=\"widget\" data-widget_type=\"image.default\">\n\t\t\t\t<div class=\"elementor-widget-container\">\n\t\t\t\t\t\t\t\t\t\t\t\t\t<img decoding=\"async\" width=\"1024\" height=\"640\" src=\"https:\/\/atlantismoto.com\/wp-content\/uploads\/2024\/01\/atlantis-moto-long-way-east-1024x640.png\" class=\"attachment-large size-large wp-image-31144\" alt=\"atlantis-moto-long-way-east\" srcset=\"https:\/\/atlantismoto.com\/wp-content\/uploads\/2024\/01\/atlantis-moto-long-way-east-1024x640.png 1024w, https:\/\/atlantismoto.com\/wp-content\/uploads\/2024\/01\/atlantis-moto-long-way-east-300x188.png 300w, https:\/\/atlantismoto.com\/wp-content\/uploads\/2024\/01\/atlantis-moto-long-way-east-768x480.png 768w, https:\/\/atlantismoto.com\/wp-content\/uploads\/2024\/01\/atlantis-moto-long-way-east-1536x960.png 1536w, https:\/\/atlantismoto.com\/wp-content\/uploads\/2024\/01\/atlantis-moto-long-way-east.png 1920w\" sizes=\"(max-width: 1024px) 100vw, 1024px\" \/>\t\t\t\t\t\t\t\t\t\t\t\t\t<\/div>\n\t\t\t\t<\/div>\n\t\t\t\t\t<\/div>\n\t\t\t\t<\/div>\n\t\t\t\t<\/div>\n\t\t","protected":false},"excerpt":{"rendered":"<p>Federico Marreta \u00e9s un motoviager itali\u00e0 que va viatjar durant 100 dies i 26.000 km des d&#8217;It\u00e0lia fins a Mong\u00f2lia. Un any despr\u00e9s del seu [&hellip;]<\/p>\n","protected":false},"author":4,"featured_media":31139,"comment_status":"open","ping_status":"open","sticky":false,"template":"","format":"standard","meta":{"rank_math_lock_modified_date":false,"site-sidebar-layout":"default","site-content-layout":"","ast-site-content-layout":"","site-content-style":"default","site-sidebar-style":"default","ast-global-header-display":"","ast-banner-title-visibility":"","ast-main-header-display":"","ast-hfb-above-header-display":"","ast-hfb-below-header-display":"","ast-hfb-mobile-header-display":"","site-post-title":"","ast-breadcrumbs-content":"","ast-featured-img":"","footer-sml-layout":"","theme-transparent-header-meta":"","adv-header-id-meta":"","stick-header-meta":"","header-above-stick-meta":"","header-main-stick-meta":"","header-below-stick-meta":"","astra-migrate-meta-layouts":"default","ast-page-background-enabled":"default","ast-page-background-meta":{"desktop":{"background-color":"","background-image":"","background-repeat":"repeat","background-position":"center center","background-size":"auto","background-attachment":"scroll","background-type":"","background-media":"","overlay-type":"","overlay-color":"","overlay-opacity":"","overlay-gradient":""},"tablet":{"background-color":"","background-image":"","background-repeat":"repeat","background-position":"center center","background-size":"auto","background-attachment":"scroll","background-type":"","background-media":"","overlay-type":"","overlay-color":"","overlay-opacity":"","overlay-gradient":""},"mobile":{"background-color":"","background-image":"","background-repeat":"repeat","background-position":"center center","background-size":"auto","background-attachment":"scroll","background-type":"","background-media":"","overlay-type":"","overlay-color":"","overlay-opacity":"","overlay-gradient":""}},"ast-content-background-meta":{"desktop":{"background-color":"var(--ast-global-color-5)","background-image":"","background-repeat":"repeat","background-position":"center center","background-size":"auto","background-attachment":"scroll","background-type":"","background-media":"","overlay-type":"","overlay-color":"","overlay-opacity":"","overlay-gradient":""},"tablet":{"background-color":"var(--ast-global-color-5)","background-image":"","background-repeat":"repeat","background-position":"center center","background-size":"auto","background-attachment":"scroll","background-type":"","background-media":"","overlay-type":"","overlay-color":"","overlay-opacity":"","overlay-gradient":""},"mobile":{"background-color":"var(--ast-global-color-5)","background-image":"","background-repeat":"repeat","background-position":"center center","background-size":"auto","background-attachment":"scroll","background-type":"","background-media":"","overlay-type":"","overlay-color":"","overlay-opacity":"","overlay-gradient":""}},"footnotes":""},"categories":[379],"tags":[1108,797,902,1049],"class_list":["post-31157","post","type-post","status-publish","format-standard","has-post-thumbnail","hentry","category-noticies","tag-federico-marretta-ca","tag-localitzador-gps-per-a-moto","tag-viatges-en-moto","tag-viatjar-amb-moto"],"_links":{"self":[{"href":"https:\/\/atlantismoto.com\/ca\/wp-json\/wp\/v2\/posts\/31157"}],"collection":[{"href":"https:\/\/atlantismoto.com\/ca\/wp-json\/wp\/v2\/posts"}],"about":[{"href":"https:\/\/atlantismoto.com\/ca\/wp-json\/wp\/v2\/types\/post"}],"author":[{"embeddable":true,"href":"https:\/\/atlantismoto.com\/ca\/wp-json\/wp\/v2\/users\/4"}],"replies":[{"embeddable":true,"href":"https:\/\/atlantismoto.com\/ca\/wp-json\/wp\/v2\/comments?post=31157"}],"version-history":[{"count":1,"href":"https:\/\/atlantismoto.com\/ca\/wp-json\/wp\/v2\/posts\/31157\/revisions"}],"predecessor-version":[{"id":31158,"href":"https:\/\/atlantismoto.com\/ca\/wp-json\/wp\/v2\/posts\/31157\/revisions\/31158"}],"wp:featuredmedia":[{"embeddable":true,"href":"https:\/\/atlantismoto.com\/ca\/wp-json\/wp\/v2\/media\/31139"}],"wp:attachment":[{"href":"https:\/\/atlantismoto.com\/ca\/wp-json\/wp\/v2\/media?parent=31157"}],"wp:term":[{"taxonomy":"category","embeddable":true,"href":"https:\/\/atlantismoto.com\/ca\/wp-json\/wp\/v2\/categories?post=31157"},{"taxonomy":"post_tag","embeddable":true,"href":"https:\/\/atlantismoto.com\/ca\/wp-json\/wp\/v2\/tags?post=31157"}],"curies":[{"name":"wp","href":"https:\/\/api.w.org\/{rel}","templated":true}]}}