{"id":28920,"date":"2023-07-21T10:05:00","date_gmt":"2023-07-21T08:05:00","guid":{"rendered":"https:\/\/atlantismoto.com\/osca-un-paradis-per-als-amants-de-les-rutes-amb-moto\/"},"modified":"2023-07-20T14:05:02","modified_gmt":"2023-07-20T12:05:02","slug":"osca-un-paradis-per-als-amants-de-les-rutes-amb-moto","status":"publish","type":"post","link":"https:\/\/atlantismoto.com\/ca\/osca-un-paradis-per-als-amants-de-les-rutes-amb-moto\/","title":{"rendered":"Osca, un parad\u00eds per als amants de les rutes amb moto"},"content":{"rendered":"\t\t<div data-elementor-type=\"wp-post\" data-elementor-id=\"28920\" class=\"elementor elementor-28920 elementor-28043\" data-elementor-post-type=\"post\">\n\t\t\t\t<div class=\"elementor-element elementor-element-daca4df e-flex e-con-boxed e-con e-parent\" data-id=\"daca4df\" data-element_type=\"container\">\n\t\t\t\t\t<div class=\"e-con-inner\">\n\t\t\t\t<div class=\"elementor-element elementor-element-0d0724c elementor-widget elementor-widget-image\" data-id=\"0d0724c\" data-element_type=\"widget\" data-widget_type=\"image.default\">\n\t\t\t\t<div class=\"elementor-widget-container\">\n\t\t\t\t\t\t\t\t\t\t\t\t\t<img fetchpriority=\"high\" decoding=\"async\" width=\"1024\" height=\"576\" src=\"https:\/\/atlantismoto.com\/wp-content\/uploads\/2023\/07\/mejores-rutas-en-moto-huesca-1024x576.jpg\" class=\"attachment-large size-large wp-image-28900\" alt=\"mejores-rutas-en-moto-huesca\" srcset=\"https:\/\/atlantismoto.com\/wp-content\/uploads\/2023\/07\/mejores-rutas-en-moto-huesca-1024x576.jpg 1024w, https:\/\/atlantismoto.com\/wp-content\/uploads\/2023\/07\/mejores-rutas-en-moto-huesca-300x169.jpg 300w, https:\/\/atlantismoto.com\/wp-content\/uploads\/2023\/07\/mejores-rutas-en-moto-huesca-768x432.jpg 768w, https:\/\/atlantismoto.com\/wp-content\/uploads\/2023\/07\/mejores-rutas-en-moto-huesca-1536x864.jpg 1536w, https:\/\/atlantismoto.com\/wp-content\/uploads\/2023\/07\/mejores-rutas-en-moto-huesca-2048x1152.jpg 2048w\" sizes=\"(max-width: 1024px) 100vw, 1024px\" \/>\t\t\t\t\t\t\t\t\t\t\t\t\t<\/div>\n\t\t\t\t<\/div>\n\t\t\t\t<div class=\"elementor-element elementor-element-727205b elementor-widget elementor-widget-text-editor\" data-id=\"727205b\" data-element_type=\"widget\" data-widget_type=\"text-editor.default\">\n\t\t\t\t<div class=\"elementor-widget-container\">\n\t\t\t\t\t\t\tEts un apassionat de les motos i els viatges a la carretera? Si \u00e9s aix\u00ed, no et pots perdre algunes de les <strong>millors rutes amb moto per Osca<\/strong>, una prov\u00edncia situada al nord d&#8217;Espanya, a la Comunitat Aut\u00f2noma d&#8217;Arag\u00f3.\r\n\r\nEl seu espectacular paisatge muntany\u00f3s, carreteres sinuoses i encantadors pobles fan d&#8217;Osca una destinaci\u00f3 perfecta per als amants de les emocions i les vistes panor\u00e0miques que nom\u00e9s una ruta amb moto pot oferir.\r\n\r\nEn aquesta entrada, t&#8217;expliquem per qu\u00e8 Osca \u00e9s un lloc ideal per gaudir d&#8217;inoblidables travesses i esmentarem algunes de les <strong>millors rutes amb moto<\/strong> perqu\u00e8 puguis explorar aquesta joia amagada d&#8217;Espanya.\t\t\t\t\t\t<\/div>\n\t\t\t\t<\/div>\n\t\t\t\t\t<\/div>\n\t\t\t\t<\/div>\n\t\t\t\t<section class=\"elementor-section elementor-top-section elementor-element elementor-element-46be5b9 elementor-section-boxed elementor-section-height-default elementor-section-height-default\" data-id=\"46be5b9\" data-element_type=\"section\">\n\t\t\t\t\t\t<div class=\"elementor-container elementor-column-gap-default\">\n\t\t\t\t\t<div class=\"elementor-column elementor-col-100 elementor-top-column elementor-element elementor-element-30e68da\" data-id=\"30e68da\" data-element_type=\"column\">\n\t\t\t<div class=\"elementor-widget-wrap elementor-element-populated\">\n\t\t\t\t\t\t<div class=\"elementor-element elementor-element-919d4fc elementor-widget elementor-widget-heading\" data-id=\"919d4fc\" data-element_type=\"widget\" data-widget_type=\"heading.default\">\n\t\t\t\t<div class=\"elementor-widget-container\">\n\t\t\t<h2 class=\"elementor-heading-title elementor-size-default\">Ruta Nacional Mototur\u00edstica dels Premis Mototurisme 2023<\/h2>\t\t<\/div>\n\t\t\t\t<\/div>\n\t\t\t\t<div class=\"elementor-element elementor-element-ce0218d elementor-widget elementor-widget-text-editor\" data-id=\"ce0218d\" data-element_type=\"widget\" data-widget_type=\"text-editor.default\">\n\t\t\t\t<div class=\"elementor-widget-container\">\n\t\t\t\t\t\t\t<p>Abans de res, has de saber que el projecte \u00ab<strong>Osca la m\u00e0gia en ruta<\/strong>\u00bb ha estat premiat a la categoria Ruta Nacional dels <strong>Premis Mototurisme<\/strong> aquest any 2023. Un projecte que destaca per la difusi\u00f3 i promoci\u00f3 dels valors moto tur\u00edstica de la prov\u00edncia.<\/p>\n<p><strong>\u201cOsca la M\u00e0gia en Ruta\u201d<\/strong> \u00e9s l&#8217;esl\u00f2gan escollit per la societat de promoci\u00f3 tur\u00edstica de la prov\u00edncia d&#8217;Osca (<strong>TuHuesca<\/strong>) per promocionar totes les activitats, esdeveniments, rutes, i propostes que giren entorn del mototurisme a la prov\u00edncia d&#8217;Osca.<\/p>\n\t\t\t\t\t\t<\/div>\n\t\t\t\t<\/div>\n\t\t\t\t\t<\/div>\n\t\t<\/div>\n\t\t\t\t\t<\/div>\n\t\t<\/section>\n\t\t<div class=\"elementor-element elementor-element-2cb60f3 e-flex e-con-boxed e-con e-parent\" data-id=\"2cb60f3\" data-element_type=\"container\">\n\t\t\t\t\t<div class=\"e-con-inner\">\n\t\t\t\t<div class=\"elementor-element elementor-element-e572338 elementor-widget elementor-widget-heading\" data-id=\"e572338\" data-element_type=\"widget\" data-widget_type=\"heading.default\">\n\t\t\t\t<div class=\"elementor-widget-container\">\n\t\t\t<h2 class=\"elementor-heading-title elementor-size-default\">Les millors rutes amb moto per Osca<\/h2>\t\t<\/div>\n\t\t\t\t<\/div>\n\t\t\t\t<div class=\"elementor-element elementor-element-2bc9a6d elementor-widget elementor-widget-text-editor\" data-id=\"2bc9a6d\" data-element_type=\"widget\" data-widget_type=\"text-editor.default\">\n\t\t\t\t<div class=\"elementor-widget-container\">\n\t\t\t\t\t\t\t<p>Com hem avan\u00e7at, a Osca hi ha infinitat de rutes, carreteres secund\u00e0ries i racons m\u00e0gics&#8230; per sortir a rodar amb les nostres motos. Aqu\u00ed et deixem algunes de les rutes de les que podr\u00e0s gaudir:<\/p>\n\t\t\t\t\t\t<\/div>\n\t\t\t\t<\/div>\n\t\t\t\t<div class=\"elementor-element elementor-element-3d35fb2 elementor-widget elementor-widget-heading\" data-id=\"3d35fb2\" data-element_type=\"widget\" data-widget_type=\"heading.default\">\n\t\t\t\t<div class=\"elementor-widget-container\">\n\t\t\t<h3 class=\"elementor-heading-title elementor-size-default\">D'A\u00ednsa al Monte Perdido<\/h3>\t\t<\/div>\n\t\t\t\t<\/div>\n\t\t\t\t<div class=\"elementor-element elementor-element-f508ad9 elementor-widget elementor-widget-text-editor\" data-id=\"f508ad9\" data-element_type=\"widget\" data-widget_type=\"text-editor.default\">\n\t\t\t\t<div class=\"elementor-widget-container\">\n\t\t\t\t\t\t\t<p>La ruta amb moto <strong>des d&#8217;A\u00ednsa al Monte Perdido<\/strong>\u00a0\u00e9s un viatge inoblidable a trav\u00e9s dels impressionants paisatges del Pirineu Aragon\u00e8s. Partint des de l&#8217;encantadora vila medieval d&#8217;<strong>A\u00ednsa<\/strong>, us submergireu en un trajecte ple d&#8217;emocionants carreteres que us conduiran a trav\u00e9s del Can\u00f3 d&#8217;A\u00f1isclo i el majestu\u00f3s <strong>Parc Nacional d&#8217;Ordesa i Monte Perdido<\/strong>, declarat Patrimoni de la Humanitat per la UNESCO. En aquesta travessia, ser\u00e0s testimoni d&#8217;altes muntanyes, valls verdes i exuberants praderies, mentre et meravelles amb les vistes panor\u00e0miques de la Muntanya Perduda. Cada corba et regalar\u00e0 escenes inoblidables, i si t&#8217;hi atreveixes, pots aventurar-te fins al Refugi de G\u00f3riz per a una vista encara m\u00e9s propera d&#8217;aquesta meravella natural.<\/p>\n\t\t\t\t\t\t<\/div>\n\t\t\t\t<\/div>\n\t\t\t\t<div class=\"elementor-element elementor-element-1cdcda3 elementor-widget elementor-widget-image\" data-id=\"1cdcda3\" data-element_type=\"widget\" data-widget_type=\"image.default\">\n\t\t\t\t<div class=\"elementor-widget-container\">\n\t\t\t\t\t\t\t\t\t\t\t\t\t<img decoding=\"async\" width=\"1024\" height=\"576\" src=\"https:\/\/atlantismoto.com\/wp-content\/uploads\/2023\/07\/ordesa-monte-perdido-1024x576.jpg\" class=\"attachment-large size-large wp-image-28905\" alt=\"ordesa-monte-perdido\" srcset=\"https:\/\/atlantismoto.com\/wp-content\/uploads\/2023\/07\/ordesa-monte-perdido-1024x576.jpg 1024w, https:\/\/atlantismoto.com\/wp-content\/uploads\/2023\/07\/ordesa-monte-perdido-300x169.jpg 300w, https:\/\/atlantismoto.com\/wp-content\/uploads\/2023\/07\/ordesa-monte-perdido-768x432.jpg 768w, https:\/\/atlantismoto.com\/wp-content\/uploads\/2023\/07\/ordesa-monte-perdido-1536x864.jpg 1536w, https:\/\/atlantismoto.com\/wp-content\/uploads\/2023\/07\/ordesa-monte-perdido-2048x1152.jpg 2048w\" sizes=\"(max-width: 1024px) 100vw, 1024px\" \/>\t\t\t\t\t\t\t\t\t\t\t\t\t<\/div>\n\t\t\t\t<\/div>\n\t\t\t\t<div class=\"elementor-element elementor-element-3619b60 elementor-widget elementor-widget-heading\" data-id=\"3619b60\" data-element_type=\"widget\" data-widget_type=\"heading.default\">\n\t\t\t\t<div class=\"elementor-widget-container\">\n\t\t\t<h3 class=\"elementor-heading-title elementor-size-default\">Ruta pels Castells d'Osca<\/h3>\t\t<\/div>\n\t\t\t\t<\/div>\n\t\t\t\t<div class=\"elementor-element elementor-element-49005be elementor-widget elementor-widget-text-editor\" data-id=\"49005be\" data-element_type=\"widget\" data-widget_type=\"text-editor.default\">\n\t\t\t\t<div class=\"elementor-widget-container\">\n\t\t\t\t\t\t\t<p>Pels amants de la hist\u00f2ria, fer una <strong>Ruta pels Castells d&#8217;Osca<\/strong> \u00e9s un imperdible. Aquesta ruta et portar\u00e0 a descobrir fortaleses medievals i castells ubicats en escarpats turons, oferint-te una visi\u00f3 fascinant del passat hist\u00f2ric de la regi\u00f3 mentre recorres paisatges pintorescos. Alguns dels castells m\u00e9s destacats en aquesta ruta inclouen el Castell de Loarre, una impressionant fortalesa rom\u00e0nica, i el Castell de Montearag\u00f3n, amb la seva interessant hist\u00f2ria. Altres castells que pots incloure a la teva ruta s\u00f3n els de Monz\u00f3n, A\u00ednsa, Benabarre i la Col\u00b7legiata d&#8217;Alqu\u00e9zar.<\/p>\n\t\t\t\t\t\t<\/div>\n\t\t\t\t<\/div>\n\t\t\t\t<div class=\"elementor-element elementor-element-2c28110 elementor-widget elementor-widget-image\" data-id=\"2c28110\" data-element_type=\"widget\" data-widget_type=\"image.default\">\n\t\t\t\t<div class=\"elementor-widget-container\">\n\t\t\t\t\t\t\t\t\t\t\t\t\t<img decoding=\"async\" width=\"1024\" height=\"576\" src=\"https:\/\/atlantismoto.com\/wp-content\/uploads\/2023\/07\/castillo-de-loarre-huesca-1024x576.jpg\" class=\"attachment-large size-large wp-image-28895\" alt=\"castillo-de-loarre-huesca\" srcset=\"https:\/\/atlantismoto.com\/wp-content\/uploads\/2023\/07\/castillo-de-loarre-huesca-1024x576.jpg 1024w, https:\/\/atlantismoto.com\/wp-content\/uploads\/2023\/07\/castillo-de-loarre-huesca-300x169.jpg 300w, https:\/\/atlantismoto.com\/wp-content\/uploads\/2023\/07\/castillo-de-loarre-huesca-768x432.jpg 768w, https:\/\/atlantismoto.com\/wp-content\/uploads\/2023\/07\/castillo-de-loarre-huesca-1536x864.jpg 1536w, https:\/\/atlantismoto.com\/wp-content\/uploads\/2023\/07\/castillo-de-loarre-huesca-2048x1152.jpg 2048w\" sizes=\"(max-width: 1024px) 100vw, 1024px\" \/>\t\t\t\t\t\t\t\t\t\t\t\t\t<\/div>\n\t\t\t\t<\/div>\n\t\t\t\t\t<\/div>\n\t\t\t\t<\/div>\n\t\t\t\t<section class=\"elementor-section elementor-top-section elementor-element elementor-element-43fe7b5 elementor-section-boxed elementor-section-height-default elementor-section-height-default\" data-id=\"43fe7b5\" data-element_type=\"section\">\n\t\t\t\t\t\t<div class=\"elementor-container elementor-column-gap-default\">\n\t\t\t\t\t<div class=\"elementor-column elementor-col-66 elementor-top-column elementor-element elementor-element-5d0b859\" data-id=\"5d0b859\" data-element_type=\"column\">\n\t\t\t<div class=\"elementor-widget-wrap elementor-element-populated\">\n\t\t\t\t\t\t<div class=\"elementor-element elementor-element-ebcf61e elementor-widget elementor-widget-heading\" data-id=\"ebcf61e\" data-element_type=\"widget\" data-widget_type=\"heading.default\">\n\t\t\t\t<div class=\"elementor-widget-container\">\n\t\t\t<h2 class=\"elementor-heading-title elementor-size-default\">Grava, consulta i comparteix les teves rutes amb l'App d'AtlantisMOTO<\/h2>\t\t<\/div>\n\t\t\t\t<\/div>\n\t\t\t\t<div class=\"elementor-element elementor-element-6ee597b elementor-widget elementor-widget-text-editor\" data-id=\"6ee597b\" data-element_type=\"widget\" data-widget_type=\"text-editor.default\">\n\t\t\t\t<div class=\"elementor-widget-container\">\n\t\t\t\t\t\t\t<p><strong>AtlantisMOTO<\/strong> \u00e9s l&#8217;equip de seguretat amb alarma i localitzaci\u00f3 GPS m\u00e9s complet del mercat.<\/p>\n\t\t\t\t\t\t<\/div>\n\t\t\t\t<\/div>\n\t\t\t\t<div class=\"elementor-element elementor-element-67dacbc elementor-widget elementor-widget-text-editor\" data-id=\"67dacbc\" data-element_type=\"widget\" data-widget_type=\"text-editor.default\">\n\t\t\t\t<div class=\"elementor-widget-container\">\n\t\t\t\t\t\t\t<p>Amb AtlantisMOTO, a m\u00e9s d&#8217;anar m\u00e9s protegit i segur, podr\u00e0s <strong>consultar<\/strong> quines rutes han fet altres usuaris, <strong>gravar<\/strong> les teves pr\u00f2pies i <strong>compartir-les<\/strong> amb la fam\u00edlia i els amics. Fins i tot descarregar els fitxers en format GPX o KML.<\/p>\n\t\t\t\t\t\t<\/div>\n\t\t\t\t<\/div>\n\t\t\t\t<div class=\"elementor-element elementor-element-729aeaf elementor-widget elementor-widget-text-editor\" data-id=\"729aeaf\" data-element_type=\"widget\" data-widget_type=\"text-editor.default\">\n\t\t\t\t<div class=\"elementor-widget-container\">\n\t\t\t\t\t\t\t<p>A qu\u00e8 esperes? <a href=\"https:\/\/atlantismoto.com\/ca\/descarregues\/\"><strong>Descarrega<\/strong><\/a> la nostra App i decideix quina ruta far\u00e0s aquest estiu!<\/p>\n\t\t\t\t\t\t<\/div>\n\t\t\t\t<\/div>\n\t\t\t\t\t<\/div>\n\t\t<\/div>\n\t\t\t\t<div class=\"elementor-column elementor-col-33 elementor-top-column elementor-element elementor-element-34e7d84\" data-id=\"34e7d84\" data-element_type=\"column\">\n\t\t\t<div class=\"elementor-widget-wrap elementor-element-populated\">\n\t\t\t\t\t\t<div class=\"elementor-element elementor-element-13d7caa elementor-widget elementor-widget-image\" data-id=\"13d7caa\" data-element_type=\"widget\" data-widget_type=\"image.default\">\n\t\t\t\t<div class=\"elementor-widget-container\">\n\t\t\t\t\t\t\t\t\t\t\t\t\t<img loading=\"lazy\" decoding=\"async\" width=\"600\" height=\"1067\" src=\"https:\/\/atlantismoto.com\/wp-content\/uploads\/2022\/08\/app-06-ruta-es-600.png\" class=\"attachment-medium_large size-medium_large wp-image-20703\" alt=\"app-06-ruta-es\" srcset=\"https:\/\/atlantismoto.com\/wp-content\/uploads\/2022\/08\/app-06-ruta-es-600.png 600w, https:\/\/atlantismoto.com\/wp-content\/uploads\/2022\/08\/app-06-ruta-es-600-169x300.png 169w, https:\/\/atlantismoto.com\/wp-content\/uploads\/2022\/08\/app-06-ruta-es-600-576x1024.png 576w\" sizes=\"(max-width: 600px) 100vw, 600px\" \/>\t\t\t\t\t\t\t\t\t\t\t\t\t<\/div>\n\t\t\t\t<\/div>\n\t\t\t\t\t<\/div>\n\t\t<\/div>\n\t\t\t\t\t<\/div>\n\t\t<\/section>\n\t\t<div class=\"elementor-element elementor-element-1fa6cc2 e-flex e-con-boxed e-con e-parent\" data-id=\"1fa6cc2\" data-element_type=\"container\">\n\t\t\t\t\t<div class=\"e-con-inner\">\n\t\t\t\t<div class=\"elementor-element elementor-element-3d18aa5 elementor-widget elementor-widget-text-editor\" data-id=\"3d18aa5\" data-element_type=\"widget\" data-widget_type=\"text-editor.default\">\n\t\t\t\t<div class=\"elementor-widget-container\">\n\t\t\t\t\t\t\t<p>Deixa&#8217;ns en comentaris quines s\u00f3n les teves rutes amb moto per Osca favorites!<\/p>\n\t\t\t\t\t\t<\/div>\n\t\t\t\t<\/div>\n\t\t\t\t\t<\/div>\n\t\t\t\t<\/div>\n\t\t\t\t<\/div>\n\t\t","protected":false},"excerpt":{"rendered":"<p>Ets un apassionat de les motos i els viatges a la carretera? Si \u00e9s aix\u00ed, no et pots perdre algunes de les millors rutes amb [&hellip;]<\/p>\n","protected":false},"author":4,"featured_media":28900,"comment_status":"open","ping_status":"open","sticky":false,"template":"","format":"standard","meta":{"rank_math_lock_modified_date":false,"site-sidebar-layout":"default","site-content-layout":"","ast-site-content-layout":"","site-content-style":"default","site-sidebar-style":"default","ast-global-header-display":"","ast-banner-title-visibility":"","ast-main-header-display":"","ast-hfb-above-header-display":"","ast-hfb-below-header-display":"","ast-hfb-mobile-header-display":"","site-post-title":"","ast-breadcrumbs-content":"","ast-featured-img":"","footer-sml-layout":"","theme-transparent-header-meta":"","adv-header-id-meta":"","stick-header-meta":"","header-above-stick-meta":"","header-main-stick-meta":"","header-below-stick-meta":"","astra-migrate-meta-layouts":"default","ast-page-background-enabled":"default","ast-page-background-meta":{"desktop":{"background-color":"","background-image":"","background-repeat":"repeat","background-position":"center center","background-size":"auto","background-attachment":"scroll","background-type":"","background-media":"","overlay-type":"","overlay-color":"","overlay-opacity":"","overlay-gradient":""},"tablet":{"background-color":"","background-image":"","background-repeat":"repeat","background-position":"center center","background-size":"auto","background-attachment":"scroll","background-type":"","background-media":"","overlay-type":"","overlay-color":"","overlay-opacity":"","overlay-gradient":""},"mobile":{"background-color":"","background-image":"","background-repeat":"repeat","background-position":"center center","background-size":"auto","background-attachment":"scroll","background-type":"","background-media":"","overlay-type":"","overlay-color":"","overlay-opacity":"","overlay-gradient":""}},"ast-content-background-meta":{"desktop":{"background-color":"var(--ast-global-color-5)","background-image":"","background-repeat":"repeat","background-position":"center center","background-size":"auto","background-attachment":"scroll","background-type":"","background-media":"","overlay-type":"","overlay-color":"","overlay-opacity":"","overlay-gradient":""},"tablet":{"background-color":"var(--ast-global-color-5)","background-image":"","background-repeat":"repeat","background-position":"center center","background-size":"auto","background-attachment":"scroll","background-type":"","background-media":"","overlay-type":"","overlay-color":"","overlay-opacity":"","overlay-gradient":""},"mobile":{"background-color":"var(--ast-global-color-5)","background-image":"","background-repeat":"repeat","background-position":"center center","background-size":"auto","background-attachment":"scroll","background-type":"","background-media":"","overlay-type":"","overlay-color":"","overlay-opacity":"","overlay-gradient":""}},"footnotes":""},"categories":[437],"tags":[797,853,951],"class_list":["post-28920","post","type-post","status-publish","format-standard","has-post-thumbnail","hentry","category-rutes","tag-localitzador-gps-per-a-moto","tag-ruta-en-moto-ca","tag-rutes-moto-2023"],"_links":{"self":[{"href":"https:\/\/atlantismoto.com\/ca\/wp-json\/wp\/v2\/posts\/28920"}],"collection":[{"href":"https:\/\/atlantismoto.com\/ca\/wp-json\/wp\/v2\/posts"}],"about":[{"href":"https:\/\/atlantismoto.com\/ca\/wp-json\/wp\/v2\/types\/post"}],"author":[{"embeddable":true,"href":"https:\/\/atlantismoto.com\/ca\/wp-json\/wp\/v2\/users\/4"}],"replies":[{"embeddable":true,"href":"https:\/\/atlantismoto.com\/ca\/wp-json\/wp\/v2\/comments?post=28920"}],"version-history":[{"count":2,"href":"https:\/\/atlantismoto.com\/ca\/wp-json\/wp\/v2\/posts\/28920\/revisions"}],"predecessor-version":[{"id":28922,"href":"https:\/\/atlantismoto.com\/ca\/wp-json\/wp\/v2\/posts\/28920\/revisions\/28922"}],"wp:featuredmedia":[{"embeddable":true,"href":"https:\/\/atlantismoto.com\/ca\/wp-json\/wp\/v2\/media\/28900"}],"wp:attachment":[{"href":"https:\/\/atlantismoto.com\/ca\/wp-json\/wp\/v2\/media?parent=28920"}],"wp:term":[{"taxonomy":"category","embeddable":true,"href":"https:\/\/atlantismoto.com\/ca\/wp-json\/wp\/v2\/categories?post=28920"},{"taxonomy":"post_tag","embeddable":true,"href":"https:\/\/atlantismoto.com\/ca\/wp-json\/wp\/v2\/tags?post=28920"}],"curies":[{"name":"wp","href":"https:\/\/api.w.org\/{rel}","templated":true}]}}