{"id":26423,"date":"2023-03-22T10:30:00","date_gmt":"2023-03-22T09:30:00","guid":{"rendered":"https:\/\/atlantismoto.com\/descobreix-terra-de-vinyes-el-nou-esdeveniment-organitzat-per-motovolta\/"},"modified":"2023-03-20T11:43:26","modified_gmt":"2023-03-20T10:43:26","slug":"descobreix-terra-de-vinyes-el-nou-esdeveniment-organitzat-per-motovolta","status":"publish","type":"post","link":"https:\/\/atlantismoto.com\/ca\/descobreix-terra-de-vinyes-el-nou-esdeveniment-organitzat-per-motovolta\/","title":{"rendered":"Descobreix Terra de Vinyes, el nou esdeveniment organitzat per Motovolta"},"content":{"rendered":"\t\t<div data-elementor-type=\"wp-post\" data-elementor-id=\"26423\" class=\"elementor elementor-26423 elementor-26338\" data-elementor-post-type=\"post\">\n\t\t\t\t\t\t<section class=\"elementor-section elementor-top-section elementor-element elementor-element-0cad537 elementor-section-boxed elementor-section-height-default elementor-section-height-default\" data-id=\"0cad537\" data-element_type=\"section\">\n\t\t\t\t\t\t<div class=\"elementor-container elementor-column-gap-default\">\n\t\t\t\t\t<div class=\"elementor-column elementor-col-100 elementor-top-column elementor-element elementor-element-22664bc\" data-id=\"22664bc\" data-element_type=\"column\">\n\t\t\t<div class=\"elementor-widget-wrap elementor-element-populated\">\n\t\t\t\t\t\t<div class=\"elementor-element elementor-element-5567c64 elementor-widget elementor-widget-image\" data-id=\"5567c64\" data-element_type=\"widget\" data-widget_type=\"image.default\">\n\t\t\t\t<div class=\"elementor-widget-container\">\n\t\t\t\t\t\t\t\t\t\t\t\t\t<img fetchpriority=\"high\" decoding=\"async\" width=\"1024\" height=\"576\" src=\"https:\/\/atlantismoto.com\/wp-content\/uploads\/2023\/03\/terra-vinyes-blog-atlantismoto-1024x576.jpg\" class=\"attachment-large size-large wp-image-26412\" alt=\"terra-vinyes-blog-atlantismoto\" srcset=\"https:\/\/atlantismoto.com\/wp-content\/uploads\/2023\/03\/terra-vinyes-blog-atlantismoto-1024x576.jpg 1024w, https:\/\/atlantismoto.com\/wp-content\/uploads\/2023\/03\/terra-vinyes-blog-atlantismoto-300x169.jpg 300w, https:\/\/atlantismoto.com\/wp-content\/uploads\/2023\/03\/terra-vinyes-blog-atlantismoto-768x432.jpg 768w, https:\/\/atlantismoto.com\/wp-content\/uploads\/2023\/03\/terra-vinyes-blog-atlantismoto-1536x864.jpg 1536w, https:\/\/atlantismoto.com\/wp-content\/uploads\/2023\/03\/terra-vinyes-blog-atlantismoto-2048x1152.jpg 2048w\" sizes=\"(max-width: 1024px) 100vw, 1024px\" \/>\t\t\t\t\t\t\t\t\t\t\t\t\t<\/div>\n\t\t\t\t<\/div>\n\t\t\t\t<div class=\"elementor-element elementor-element-e5dcc04 elementor-widget elementor-widget-text-editor\" data-id=\"e5dcc04\" data-element_type=\"widget\" data-widget_type=\"text-editor.default\">\n\t\t\t\t<div class=\"elementor-widget-container\">\n\t\t\t\t\t\t\t<p>L&#8217;organitzaci\u00f3 de l&#8217;esdeveniment solidari moto-tur\u00edstic que t\u00e9 lloc cada any a Catalunya, Motovolta, presenta un nou esdeveniment per als amants del<em> trail<\/em>: <a href=\"https:\/\/www.motovolta.com\/ca\/terra-de-vinyes\" target=\"_blank\" rel=\"noopener\"><strong>Terra de Vinyes<\/strong><\/a>.<\/p>\n\t\t\t\t\t\t<\/div>\n\t\t\t\t<\/div>\n\t\t\t\t\t<\/div>\n\t\t<\/div>\n\t\t\t\t\t<\/div>\n\t\t<\/section>\n\t\t\t\t<section class=\"elementor-section elementor-top-section elementor-element elementor-element-fcfa716 elementor-section-boxed elementor-section-height-default elementor-section-height-default\" data-id=\"fcfa716\" data-element_type=\"section\">\n\t\t\t\t\t\t<div class=\"elementor-container elementor-column-gap-default\">\n\t\t\t\t\t<div class=\"elementor-column elementor-col-100 elementor-top-column elementor-element elementor-element-99b1ad0\" data-id=\"99b1ad0\" data-element_type=\"column\">\n\t\t\t<div class=\"elementor-widget-wrap elementor-element-populated\">\n\t\t\t\t\t\t<div class=\"elementor-element elementor-element-68dfab9 elementor-widget elementor-widget-heading\" data-id=\"68dfab9\" data-element_type=\"widget\" data-widget_type=\"heading.default\">\n\t\t\t\t<div class=\"elementor-widget-container\">\n\t\t\t<h2 class=\"elementor-heading-title elementor-size-default\">En qu\u00e9 consisteix Terra de Vinyes?<\/h2>\t\t<\/div>\n\t\t\t\t<\/div>\n\t\t\t\t\t<\/div>\n\t\t<\/div>\n\t\t\t\t\t<\/div>\n\t\t<\/section>\n\t\t\t\t<section class=\"elementor-section elementor-top-section elementor-element elementor-element-f53cbe5 elementor-section-boxed elementor-section-height-default elementor-section-height-default\" data-id=\"f53cbe5\" data-element_type=\"section\">\n\t\t\t\t\t\t<div class=\"elementor-container elementor-column-gap-default\">\n\t\t\t\t\t<div class=\"elementor-column elementor-col-100 elementor-top-column elementor-element elementor-element-ffb41c1\" data-id=\"ffb41c1\" data-element_type=\"column\">\n\t\t\t<div class=\"elementor-widget-wrap elementor-element-populated\">\n\t\t\t\t\t\t<div class=\"elementor-element elementor-element-52ab843 elementor-widget elementor-widget-text-editor\" data-id=\"52ab843\" data-element_type=\"widget\" data-widget_type=\"text-editor.default\">\n\t\t\t\t<div class=\"elementor-widget-container\">\n\t\t\t\t\t\t\t<p>El\u00a0pr\u00f2xim 29\u00a0d&#8217;abril tindr\u00e0 lloc Terra de Vinyes, una ruta\u00a0<span class=\"hiddenSpellError\">trail<\/span>\u00a0de 240 km amb un 80% d&#8217;<span class=\"hiddenSpellError\">offroad<\/span>, que discorre per camins molt variats del Pened\u00e8s i l&#8217;Anoia especialment.<br \/>\nUna oportunitat \u00fanica per als amants de l&#8217;aventura i l&#8217;adrenalina de gaudir d&#8217;un recorregut espectacular a trav\u00e9s dels paisatges m\u00e9s impressionants de la regi\u00f3.<\/p>\n\t\t\t\t\t\t<\/div>\n\t\t\t\t<\/div>\n\t\t\t\t\t<\/div>\n\t\t<\/div>\n\t\t\t\t\t<\/div>\n\t\t<\/section>\n\t\t\t\t<section class=\"elementor-section elementor-top-section elementor-element elementor-element-76deb16 elementor-section-boxed elementor-section-height-default elementor-section-height-default\" data-id=\"76deb16\" data-element_type=\"section\">\n\t\t\t\t\t\t<div class=\"elementor-container elementor-column-gap-default\">\n\t\t\t\t\t<div class=\"elementor-column elementor-col-100 elementor-top-column elementor-element elementor-element-7023acb\" data-id=\"7023acb\" data-element_type=\"column\">\n\t\t\t<div class=\"elementor-widget-wrap elementor-element-populated\">\n\t\t\t\t\t\t<div class=\"elementor-element elementor-element-c9e9fa6 elementor-widget elementor-widget-text-editor\" data-id=\"c9e9fa6\" data-element_type=\"widget\" data-widget_type=\"text-editor.default\">\n\t\t\t\t<div class=\"elementor-widget-container\">\n\t\t\t\t\t\t\t<p>Es tracta d&#8217;un recorregut circular que discorrer\u00e0 per camins amb molt bon ferm, zones amb molta pedra, constants desnivells, frondosos boscos i algun tram de carretera de revolts d&#8217;oci.<\/p>\n\t\t\t\t\t\t<\/div>\n\t\t\t\t<\/div>\n\t\t\t\t\t<\/div>\n\t\t<\/div>\n\t\t\t\t\t<\/div>\n\t\t<\/section>\n\t\t\t\t<section class=\"elementor-section elementor-top-section elementor-element elementor-element-980d6f2 elementor-section-boxed elementor-section-height-default elementor-section-height-default\" data-id=\"980d6f2\" data-element_type=\"section\">\n\t\t\t\t\t\t<div class=\"elementor-container elementor-column-gap-default\">\n\t\t\t\t\t<div class=\"elementor-column elementor-col-100 elementor-top-column elementor-element elementor-element-0473e7f\" data-id=\"0473e7f\" data-element_type=\"column\">\n\t\t\t<div class=\"elementor-widget-wrap elementor-element-populated\">\n\t\t\t\t\t\t<div class=\"elementor-element elementor-element-39d9e13 elementor-widget elementor-widget-heading\" data-id=\"39d9e13\" data-element_type=\"widget\" data-widget_type=\"heading.default\">\n\t\t\t\t<div class=\"elementor-widget-container\">\n\t\t\t<h2 class=\"elementor-heading-title elementor-size-default\">Qu\u00e9 inclou la inscripci\u00f3?<\/h2>\t\t<\/div>\n\t\t\t\t<\/div>\n\t\t\t\t<div class=\"elementor-element elementor-element-1037712 elementor-widget elementor-widget-text-editor\" data-id=\"1037712\" data-element_type=\"widget\" data-widget_type=\"text-editor.default\">\n\t\t\t\t<div class=\"elementor-widget-container\">\n\t\t\t\t\t\t\t<ul>\n<li>Track de la ruta. <strong>Podr\u00e0s seguir-lo amb l&#8217;<a href=\"https:\/\/atlantismoto.com\/ca\/descarregues\/\">App d&#8217;AtlantisMOTO<\/a>!<\/strong><\/li>\n<li>Esmorzar de benvinguda.<\/li>\n<li>Bossa de benvinguda, amb tota la documentaci\u00f3 imprescindible per poder realitzar l&#8217;esdeveniment i diferents obsequis.<\/li>\n<li>Samarreta exclusiva de l&#8217; esdeveniment.<\/li>\n<li>Dinar en ruta.<\/li>\n<li>Avituallament en els punts de control (beguda i menjar).<\/li>\n<li>Cervesa ben freda en finalitzar la ruta.<\/li>\n<li>Enganxines exclusives de l&#8217;esdeveniment per a la teva moto.<\/li>\n<li>Vehicle d&#8217; assist\u00e8ncia mec\u00e0nica.<\/li>\n<li><strong>Promocions especials amb AtlantisMOTO.<\/strong><\/li>\n<\/ul>\n\t\t\t\t\t\t<\/div>\n\t\t\t\t<\/div>\n\t\t\t\t\t<\/div>\n\t\t<\/div>\n\t\t\t\t\t<\/div>\n\t\t<\/section>\n\t\t\t\t<section class=\"elementor-section elementor-top-section elementor-element elementor-element-4bb9001 elementor-section-boxed elementor-section-height-default elementor-section-height-default\" data-id=\"4bb9001\" data-element_type=\"section\">\n\t\t\t\t\t\t<div class=\"elementor-container elementor-column-gap-default\">\n\t\t\t\t\t<div class=\"elementor-column elementor-col-100 elementor-top-column elementor-element elementor-element-436afd3\" data-id=\"436afd3\" data-element_type=\"column\">\n\t\t\t<div class=\"elementor-widget-wrap elementor-element-populated\">\n\t\t\t\t\t\t<div class=\"elementor-element elementor-element-d3d1465 elementor-widget elementor-widget-heading\" data-id=\"d3d1465\" data-element_type=\"widget\" data-widget_type=\"heading.default\">\n\t\t\t\t<div class=\"elementor-widget-container\">\n\t\t\t<h2 class=\"elementor-heading-title elementor-size-default\">AtlantisMOTO, patrocinador oficial de Terra de Vinyes<\/h2>\t\t<\/div>\n\t\t\t\t<\/div>\n\t\t\t\t<div class=\"elementor-element elementor-element-b19460c elementor-widget elementor-widget-text-editor\" data-id=\"b19460c\" data-element_type=\"widget\" data-widget_type=\"text-editor.default\">\n\t\t\t\t<div class=\"elementor-widget-container\">\n\t\t\t\t\t\t\t<p>Des d&#8217;AtlantisMOTO participarem com un dels <strong>patrocinadors principals<\/strong> d&#8217;aquest esdeveniment. Posarem a la vostra disposici\u00f3 el track de l&#8217;esdeveniment a trav\u00e9s de la nostra App, on podreu seguir-lo i veure on es troba la resta de l&#8217;equip en tot moment.<\/p>\n<p>A m\u00e9s, hi haur\u00e0 sortejos i promocions exclusives per a tots els participants.<\/p>\n<p>No t&#8217;ho perdis!<\/p>\n\t\t\t\t\t\t<\/div>\n\t\t\t\t<\/div>\n\t\t\t\t<div class=\"elementor-element elementor-element-bd0f7a7 elementor-widget elementor-widget-image\" data-id=\"bd0f7a7\" data-element_type=\"widget\" data-widget_type=\"image.default\">\n\t\t\t\t<div class=\"elementor-widget-container\">\n\t\t\t\t\t\t\t\t\t\t\t\t\t<img decoding=\"async\" width=\"724\" height=\"1024\" src=\"https:\/\/atlantismoto.com\/wp-content\/uploads\/2023\/03\/TERRADEVINYES2023-BAJARESOLUCION-1920w-724x1024.webp\" class=\"attachment-large size-large wp-image-26407\" alt=\"TERRA+DE+VINYES+2023-BAJA+RESOLUCION-1920w\" srcset=\"https:\/\/atlantismoto.com\/wp-content\/uploads\/2023\/03\/TERRADEVINYES2023-BAJARESOLUCION-1920w-724x1024.webp 724w, https:\/\/atlantismoto.com\/wp-content\/uploads\/2023\/03\/TERRADEVINYES2023-BAJARESOLUCION-1920w-212x300.webp 212w, https:\/\/atlantismoto.com\/wp-content\/uploads\/2023\/03\/TERRADEVINYES2023-BAJARESOLUCION-1920w-768x1087.webp 768w, https:\/\/atlantismoto.com\/wp-content\/uploads\/2023\/03\/TERRADEVINYES2023-BAJARESOLUCION-1920w.webp 1000w\" sizes=\"(max-width: 724px) 100vw, 724px\" \/>\t\t\t\t\t\t\t\t\t\t\t\t\t<\/div>\n\t\t\t\t<\/div>\n\t\t\t\t\t<\/div>\n\t\t<\/div>\n\t\t\t\t\t<\/div>\n\t\t<\/section>\n\t\t\t\t<\/div>\n\t\t","protected":false},"excerpt":{"rendered":"<p>L&#8217;organitzaci\u00f3 de l&#8217;esdeveniment solidari moto-tur\u00edstic que t\u00e9 lloc cada any a Catalunya, Motovolta, presenta un nou esdeveniment per als amants del trail: Terra de Vinyes. [&hellip;]<\/p>\n","protected":false},"author":4,"featured_media":26412,"comment_status":"open","ping_status":"open","sticky":false,"template":"","format":"standard","meta":{"rank_math_lock_modified_date":false,"site-sidebar-layout":"default","site-content-layout":"","ast-site-content-layout":"","site-content-style":"default","site-sidebar-style":"default","ast-global-header-display":"","ast-banner-title-visibility":"","ast-main-header-display":"","ast-hfb-above-header-display":"","ast-hfb-below-header-display":"","ast-hfb-mobile-header-display":"","site-post-title":"","ast-breadcrumbs-content":"","ast-featured-img":"","footer-sml-layout":"","theme-transparent-header-meta":"","adv-header-id-meta":"","stick-header-meta":"","header-above-stick-meta":"","header-main-stick-meta":"","header-below-stick-meta":"","astra-migrate-meta-layouts":"default","ast-page-background-enabled":"default","ast-page-background-meta":{"desktop":{"background-color":"","background-image":"","background-repeat":"repeat","background-position":"center center","background-size":"auto","background-attachment":"scroll","background-type":"","background-media":"","overlay-type":"","overlay-color":"","overlay-opacity":"","overlay-gradient":""},"tablet":{"background-color":"","background-image":"","background-repeat":"repeat","background-position":"center center","background-size":"auto","background-attachment":"scroll","background-type":"","background-media":"","overlay-type":"","overlay-color":"","overlay-opacity":"","overlay-gradient":""},"mobile":{"background-color":"","background-image":"","background-repeat":"repeat","background-position":"center center","background-size":"auto","background-attachment":"scroll","background-type":"","background-media":"","overlay-type":"","overlay-color":"","overlay-opacity":"","overlay-gradient":""}},"ast-content-background-meta":{"desktop":{"background-color":"var(--ast-global-color-5)","background-image":"","background-repeat":"repeat","background-position":"center center","background-size":"auto","background-attachment":"scroll","background-type":"","background-media":"","overlay-type":"","overlay-color":"","overlay-opacity":"","overlay-gradient":""},"tablet":{"background-color":"var(--ast-global-color-5)","background-image":"","background-repeat":"repeat","background-position":"center center","background-size":"auto","background-attachment":"scroll","background-type":"","background-media":"","overlay-type":"","overlay-color":"","overlay-opacity":"","overlay-gradient":""},"mobile":{"background-color":"var(--ast-global-color-5)","background-image":"","background-repeat":"repeat","background-position":"center center","background-size":"auto","background-attachment":"scroll","background-type":"","background-media":"","overlay-type":"","overlay-color":"","overlay-opacity":"","overlay-gradient":""}},"footnotes":""},"categories":[418],"tags":[977,797,975,821,990,853,991],"class_list":["post-26423","post","type-post","status-publish","format-standard","has-post-thumbnail","hentry","category-esdeveniments","tag-esdeveniments-moto-2023","tag-localitzador-gps-per-a-moto","tag-moto-esdeveniments","tag-motoevento-ca","tag-motovolta-ca","tag-ruta-en-moto-ca","tag-terra-de-vinyes-ca"],"_links":{"self":[{"href":"https:\/\/atlantismoto.com\/ca\/wp-json\/wp\/v2\/posts\/26423"}],"collection":[{"href":"https:\/\/atlantismoto.com\/ca\/wp-json\/wp\/v2\/posts"}],"about":[{"href":"https:\/\/atlantismoto.com\/ca\/wp-json\/wp\/v2\/types\/post"}],"author":[{"embeddable":true,"href":"https:\/\/atlantismoto.com\/ca\/wp-json\/wp\/v2\/users\/4"}],"replies":[{"embeddable":true,"href":"https:\/\/atlantismoto.com\/ca\/wp-json\/wp\/v2\/comments?post=26423"}],"version-history":[{"count":2,"href":"https:\/\/atlantismoto.com\/ca\/wp-json\/wp\/v2\/posts\/26423\/revisions"}],"predecessor-version":[{"id":26425,"href":"https:\/\/atlantismoto.com\/ca\/wp-json\/wp\/v2\/posts\/26423\/revisions\/26425"}],"wp:featuredmedia":[{"embeddable":true,"href":"https:\/\/atlantismoto.com\/ca\/wp-json\/wp\/v2\/media\/26412"}],"wp:attachment":[{"href":"https:\/\/atlantismoto.com\/ca\/wp-json\/wp\/v2\/media?parent=26423"}],"wp:term":[{"taxonomy":"category","embeddable":true,"href":"https:\/\/atlantismoto.com\/ca\/wp-json\/wp\/v2\/categories?post=26423"},{"taxonomy":"post_tag","embeddable":true,"href":"https:\/\/atlantismoto.com\/ca\/wp-json\/wp\/v2\/tags?post=26423"}],"curies":[{"name":"wp","href":"https:\/\/api.w.org\/{rel}","templated":true}]}}