{"id":21132,"date":"2022-08-12T12:00:00","date_gmt":"2022-08-12T10:00:00","guid":{"rendered":"https:\/\/atlantismoto.com\/?p=21132"},"modified":"2022-11-05T11:52:56","modified_gmt":"2022-11-05T10:52:56","slug":"la-costa-brava-en-moto","status":"publish","type":"post","link":"https:\/\/atlantismoto.com\/ca\/la-costa-brava-en-moto\/","title":{"rendered":"La Costa Brava en moto"},"content":{"rendered":"\t\t<div data-elementor-type=\"wp-post\" data-elementor-id=\"21132\" class=\"elementor elementor-21132 elementor-21067\" data-elementor-post-type=\"post\">\n\t\t\t\t\t\t<section class=\"elementor-section elementor-top-section elementor-element elementor-element-3953b60 elementor-section-boxed elementor-section-height-default elementor-section-height-default\" data-id=\"3953b60\" data-element_type=\"section\">\n\t\t\t\t\t\t<div class=\"elementor-container elementor-column-gap-default\">\n\t\t\t\t\t<div class=\"elementor-column elementor-col-100 elementor-top-column elementor-element elementor-element-63f3c2e\" data-id=\"63f3c2e\" data-element_type=\"column\">\n\t\t\t<div class=\"elementor-widget-wrap elementor-element-populated\">\n\t\t\t\t\t\t<div class=\"elementor-element elementor-element-2b64034 elementor-widget elementor-widget-image\" data-id=\"2b64034\" data-element_type=\"widget\" data-widget_type=\"image.default\">\n\t\t\t\t<div class=\"elementor-widget-container\">\n\t\t\t\t\t\t\t\t\t\t\t\t\t<img fetchpriority=\"high\" decoding=\"async\" width=\"1024\" height=\"576\" src=\"https:\/\/atlantismoto.com\/wp-content\/uploads\/2022\/08\/costa-brava-moto-1024x576.jpg\" class=\"attachment-large size-large wp-image-21123\" alt=\"La Costa Brava en moto\" srcset=\"https:\/\/atlantismoto.com\/wp-content\/uploads\/2022\/08\/costa-brava-moto-1024x576.jpg 1024w, https:\/\/atlantismoto.com\/wp-content\/uploads\/2022\/08\/costa-brava-moto-300x169.jpg 300w, https:\/\/atlantismoto.com\/wp-content\/uploads\/2022\/08\/costa-brava-moto-768x432.jpg 768w, https:\/\/atlantismoto.com\/wp-content\/uploads\/2022\/08\/costa-brava-moto-1536x864.jpg 1536w, https:\/\/atlantismoto.com\/wp-content\/uploads\/2022\/08\/costa-brava-moto-2048x1152.jpg 2048w\" sizes=\"(max-width: 1024px) 100vw, 1024px\" \/>\t\t\t\t\t\t\t\t\t\t\t\t\t<\/div>\n\t\t\t\t<\/div>\n\t\t\t\t<div class=\"elementor-element elementor-element-ae74e9d elementor-widget elementor-widget-text-editor\" data-id=\"ae74e9d\" data-element_type=\"widget\" data-widget_type=\"text-editor.default\">\n\t\t\t\t<div class=\"elementor-widget-container\">\n\t\t\t\t\t\t\t<p>Amb la calor, sortir amb moto es pot fer m\u00e9s complicat per a alguns. Per\u00f2 poder rec\u00f3rrer carreteres com les de la<strong> Costa Brava<\/strong>, a Catalunya, on poder descobrir cales i racons impressionants pot tornar-nos les ganes de sortir a rodar.<\/p>\n\t\t\t\t\t\t<\/div>\n\t\t\t\t<\/div>\n\t\t\t\t<div class=\"elementor-element elementor-element-2199c7c elementor-widget elementor-widget-text-editor\" data-id=\"2199c7c\" data-element_type=\"widget\" data-widget_type=\"text-editor.default\">\n\t\t\t\t<div class=\"elementor-widget-container\">\n\t\t\t\t\t\t\t<p><a href=\"https:\/\/ca.costabrava.org\/\" target=\"_blank\" rel=\"noopener\"><strong>La Costa Brava<\/strong><\/a> \u00e9s un dels racons m\u00e9s emblem\u00e0tics, situada a la prov\u00edncia de Girona. Es tracta de la zona costanera d&#8217;Espanya que va des de Blanes fins a Portbou, fent frontera amb Fran\u00e7a.<\/p>\n\t\t\t\t\t\t<\/div>\n\t\t\t\t<\/div>\n\t\t\t\t<div class=\"elementor-element elementor-element-2b87c52 elementor-widget elementor-widget-text-editor\" data-id=\"2b87c52\" data-element_type=\"widget\" data-widget_type=\"text-editor.default\">\n\t\t\t\t<div class=\"elementor-widget-container\">\n\t\t\t\t\t\t\t<p>Podr\u00e0s trobar infinitat de rutes, carreteres, pobles&#8230; Fins i tot pots rec\u00f3rrer-la sencera. A continuaci\u00f3 et deixem algunes de les nostres rutes preferides.<\/p>\n\t\t\t\t\t\t<\/div>\n\t\t\t\t<\/div>\n\t\t\t\t\t<\/div>\n\t\t<\/div>\n\t\t\t\t\t<\/div>\n\t\t<\/section>\n\t\t\t\t<section class=\"elementor-section elementor-top-section elementor-element elementor-element-a0f7c88 elementor-section-boxed elementor-section-height-default elementor-section-height-default\" data-id=\"a0f7c88\" data-element_type=\"section\">\n\t\t\t\t\t\t<div class=\"elementor-container elementor-column-gap-default\">\n\t\t\t\t\t<div class=\"elementor-column elementor-col-50 elementor-top-column elementor-element elementor-element-35359bc\" data-id=\"35359bc\" data-element_type=\"column\">\n\t\t\t<div class=\"elementor-widget-wrap elementor-element-populated\">\n\t\t\t\t\t\t<div class=\"elementor-element elementor-element-7592749 elementor-widget elementor-widget-heading\" data-id=\"7592749\" data-element_type=\"widget\" data-widget_type=\"heading.default\">\n\t\t\t\t<div class=\"elementor-widget-container\">\n\t\t\t<h2 class=\"elementor-heading-title elementor-size-default\">De Tossa de Mar a Sant Feliu de Gu\u00edxols<\/h2>\t\t<\/div>\n\t\t\t\t<\/div>\n\t\t\t\t<div class=\"elementor-element elementor-element-037deb0 elementor-widget elementor-widget-text-editor\" data-id=\"037deb0\" data-element_type=\"widget\" data-widget_type=\"text-editor.default\">\n\t\t\t\t<div class=\"elementor-widget-container\">\n\t\t\t\t\t\t\t<p>La ruta que proposem surt de <strong>Tossa<\/strong> i recorre la GI-682 fins a <strong>Sant Feliu de Gu\u00edxols.<\/strong><\/p>\n<p>Es tracta d&#8217;una m\u00edtica carretera de la Costa Brava, una ruta que assegura 23 km de bones corbes, incre\u00efbles paisatges, cultura i gastronomia.<\/p>\n<p>De fet, aquesta ruta \u00e9s coneguda entre\u00a0<span class=\"hiddenSpellError\">motards<\/span>\u00a0amb el nom de &#8220;<strong>l&#8217;any<\/strong>&#8220;, degut a les seves <strong>365 corbes<\/strong>.<\/p>\n<p>Pel cam\u00ed trobar\u00e0s <strong>miradors<\/strong> i algunes<strong> cales<\/strong> conegudes com la cala Pola i la\u00a0<span class=\"hiddenSpellError\">Giverola<\/span>, on, si t&#8217;atura, podr\u00e0s parar a donar-te un bany.<\/p>\n<p>Si a m\u00e9s, vols allargar una mica m\u00e9s la ruta, et recomanem visitar els pobles de Peratallada, Torroella de Montgr\u00ed, Pals o fins i tot seguir fins a l&#8217;Escala i Roses.<\/p>\n\t\t\t\t\t\t<\/div>\n\t\t\t\t<\/div>\n\t\t\t\t\t<\/div>\n\t\t<\/div>\n\t\t\t\t<div class=\"elementor-column elementor-col-50 elementor-top-column elementor-element elementor-element-fa59f11\" data-id=\"fa59f11\" data-element_type=\"column\">\n\t\t\t<div class=\"elementor-widget-wrap elementor-element-populated\">\n\t\t\t\t\t\t<div class=\"elementor-element elementor-element-43ce5f5 elementor-widget elementor-widget-image\" data-id=\"43ce5f5\" data-element_type=\"widget\" data-widget_type=\"image.default\">\n\t\t\t\t<div class=\"elementor-widget-container\">\n\t\t\t\t\t\t\t\t\t\t<figure class=\"wp-caption\">\n\t\t\t\t\t\t\t\t\t\t<img decoding=\"async\" width=\"768\" height=\"1152\" src=\"https:\/\/atlantismoto.com\/wp-content\/uploads\/2022\/08\/carretera-tossa-moto-768x1152.jpg\" class=\"attachment-medium_large size-medium_large wp-image-21119\" alt=\"Carretera de Tossa a Sant Feliu de Guixols\" srcset=\"https:\/\/atlantismoto.com\/wp-content\/uploads\/2022\/08\/carretera-tossa-moto-768x1152.jpg 768w, https:\/\/atlantismoto.com\/wp-content\/uploads\/2022\/08\/carretera-tossa-moto-200x300.jpg 200w, https:\/\/atlantismoto.com\/wp-content\/uploads\/2022\/08\/carretera-tossa-moto-683x1024.jpg 683w, https:\/\/atlantismoto.com\/wp-content\/uploads\/2022\/08\/carretera-tossa-moto.jpg 800w\" sizes=\"(max-width: 768px) 100vw, 768px\" \/>\t\t\t\t\t\t\t\t\t\t\t<figcaption class=\"widget-image-caption wp-caption-text\">Vistes de la ruta de Tossa a Sant Feliu de Gu\u00edxols<\/figcaption>\n\t\t\t\t\t\t\t\t\t\t<\/figure>\n\t\t\t\t\t\t\t<\/div>\n\t\t\t\t<\/div>\n\t\t\t\t\t<\/div>\n\t\t<\/div>\n\t\t\t\t\t<\/div>\n\t\t<\/section>\n\t\t\t\t<section class=\"elementor-section elementor-top-section elementor-element elementor-element-aaacfab elementor-section-boxed elementor-section-height-default elementor-section-height-default\" data-id=\"aaacfab\" data-element_type=\"section\">\n\t\t\t\t\t\t<div class=\"elementor-container elementor-column-gap-default\">\n\t\t\t\t\t<div class=\"elementor-column elementor-col-100 elementor-top-column elementor-element elementor-element-791d6eb\" data-id=\"791d6eb\" data-element_type=\"column\">\n\t\t\t<div class=\"elementor-widget-wrap elementor-element-populated\">\n\t\t\t\t\t\t<div class=\"elementor-element elementor-element-1488769 elementor-widget elementor-widget-spacer\" data-id=\"1488769\" data-element_type=\"widget\" data-widget_type=\"spacer.default\">\n\t\t\t\t<div class=\"elementor-widget-container\">\n\t\t\t\t\t<div class=\"elementor-spacer\">\n\t\t\t<div class=\"elementor-spacer-inner\"><\/div>\n\t\t<\/div>\n\t\t\t\t<\/div>\n\t\t\t\t<\/div>\n\t\t\t\t\t<\/div>\n\t\t<\/div>\n\t\t\t\t\t<\/div>\n\t\t<\/section>\n\t\t\t\t<section class=\"elementor-section elementor-top-section elementor-element elementor-element-ff3384a elementor-section-boxed elementor-section-height-default elementor-section-height-default\" data-id=\"ff3384a\" data-element_type=\"section\">\n\t\t\t\t\t\t<div class=\"elementor-container elementor-column-gap-default\">\n\t\t\t\t\t<div class=\"elementor-column elementor-col-50 elementor-top-column elementor-element elementor-element-fa54fe7\" data-id=\"fa54fe7\" data-element_type=\"column\">\n\t\t\t<div class=\"elementor-widget-wrap elementor-element-populated\">\n\t\t\t\t\t\t<div class=\"elementor-element elementor-element-72dddea elementor-widget elementor-widget-image\" data-id=\"72dddea\" data-element_type=\"widget\" data-widget_type=\"image.default\">\n\t\t\t\t<div class=\"elementor-widget-container\">\n\t\t\t\t\t\t\t\t\t\t<figure class=\"wp-caption\">\n\t\t\t\t\t\t\t\t\t\t<img decoding=\"async\" width=\"768\" height=\"1152\" src=\"https:\/\/atlantismoto.com\/wp-content\/uploads\/2022\/08\/cadaques-moto-768x1152.jpg\" class=\"attachment-medium_large size-medium_large wp-image-21115\" alt=\"Cadaqu\u00e9s en moto\" srcset=\"https:\/\/atlantismoto.com\/wp-content\/uploads\/2022\/08\/cadaques-moto-768x1152.jpg 768w, https:\/\/atlantismoto.com\/wp-content\/uploads\/2022\/08\/cadaques-moto-200x300.jpg 200w, https:\/\/atlantismoto.com\/wp-content\/uploads\/2022\/08\/cadaques-moto-683x1024.jpg 683w, https:\/\/atlantismoto.com\/wp-content\/uploads\/2022\/08\/cadaques-moto.jpg 800w\" sizes=\"(max-width: 768px) 100vw, 768px\" \/>\t\t\t\t\t\t\t\t\t\t\t<figcaption class=\"widget-image-caption wp-caption-text\">Cadaqu\u00e9s<\/figcaption>\n\t\t\t\t\t\t\t\t\t\t<\/figure>\n\t\t\t\t\t\t\t<\/div>\n\t\t\t\t<\/div>\n\t\t\t\t\t<\/div>\n\t\t<\/div>\n\t\t\t\t<div class=\"elementor-column elementor-col-50 elementor-top-column elementor-element elementor-element-8c9dd38\" data-id=\"8c9dd38\" data-element_type=\"column\">\n\t\t\t<div class=\"elementor-widget-wrap elementor-element-populated\">\n\t\t\t\t\t\t<div class=\"elementor-element elementor-element-1d1dee2 elementor-widget elementor-widget-heading\" data-id=\"1d1dee2\" data-element_type=\"widget\" data-widget_type=\"heading.default\">\n\t\t\t\t<div class=\"elementor-widget-container\">\n\t\t\t<h2 class=\"elementor-heading-title elementor-size-default\">Cadaqu\u00e9s i el Cap de Creus<\/h2>\t\t<\/div>\n\t\t\t\t<\/div>\n\t\t\t\t<div class=\"elementor-element elementor-element-f732ab6 elementor-widget elementor-widget-text-editor\" data-id=\"f732ab6\" data-element_type=\"widget\" data-widget_type=\"text-editor.default\">\n\t\t\t\t<div class=\"elementor-widget-container\">\n\t\t\t\t\t\t\t<p><strong>Cadaqu\u00e9s<\/strong> \u00e9s un dels pobles m\u00e9s coneguts de la Costa Brava, fama deguda en gran part per ser inspiraci\u00f3 d&#8217;artistes com Dal\u00ed o Pablo Picasso.<\/p>\n<p>Aquest es troba al <strong>Cap de Creus<\/strong>, fam\u00f3s a m\u00e9s per ser punt d&#8217;inici i final d&#8217;una de les rutes cl\u00e0ssiques en moto, <strong>La Transpirinenca<\/strong>.<\/p>\n<p>De nou, es tracta d&#8217;una zona on trobar\u00e0s carreteres amb corbes, paisatges incre\u00efbles i on podr\u00e0s gaudir de la gastronomia catalana.<\/p>\n<p>Una de les nostres carreteres favorites i que us recomanem \u00e9s la que va de Sant Pere a Cadaqu\u00e9s.<\/p>\n\t\t\t\t\t\t<\/div>\n\t\t\t\t<\/div>\n\t\t\t\t\t<\/div>\n\t\t<\/div>\n\t\t\t\t\t<\/div>\n\t\t<\/section>\n\t\t\t\t<section class=\"elementor-section elementor-top-section elementor-element elementor-element-e979739 elementor-section-boxed elementor-section-height-default elementor-section-height-default\" data-id=\"e979739\" data-element_type=\"section\">\n\t\t\t\t\t\t<div class=\"elementor-container elementor-column-gap-default\">\n\t\t\t\t\t<div class=\"elementor-column elementor-col-100 elementor-top-column elementor-element elementor-element-738b640\" data-id=\"738b640\" data-element_type=\"column\">\n\t\t\t<div class=\"elementor-widget-wrap elementor-element-populated\">\n\t\t\t\t\t\t<div class=\"elementor-element elementor-element-7165637 elementor-widget elementor-widget-heading\" data-id=\"7165637\" data-element_type=\"widget\" data-widget_type=\"heading.default\">\n\t\t\t\t<div class=\"elementor-widget-container\">\n\t\t\t<h2 class=\"elementor-heading-title elementor-size-default\">Descobreix les millors rutes amb l'App d'AtlantisMOTO<\/h2>\t\t<\/div>\n\t\t\t\t<\/div>\n\t\t\t\t\t<\/div>\n\t\t<\/div>\n\t\t\t\t\t<\/div>\n\t\t<\/section>\n\t\t\t\t<section class=\"elementor-section elementor-top-section elementor-element elementor-element-1418dd2 elementor-section-boxed elementor-section-height-default elementor-section-height-default\" data-id=\"1418dd2\" data-element_type=\"section\">\n\t\t\t\t\t\t<div class=\"elementor-container elementor-column-gap-default\">\n\t\t\t\t\t<div class=\"elementor-column elementor-col-100 elementor-top-column elementor-element elementor-element-85a1e27\" data-id=\"85a1e27\" data-element_type=\"column\">\n\t\t\t<div class=\"elementor-widget-wrap elementor-element-populated\">\n\t\t\t\t\t\t<div class=\"elementor-element elementor-element-0111fda elementor-widget elementor-widget-text-editor\" data-id=\"0111fda\" data-element_type=\"widget\" data-widget_type=\"text-editor.default\">\n\t\t\t\t<div class=\"elementor-widget-container\">\n\t\t\t\t\t\t\t<p>Encara no te n&#8217;has assabentat? Ja tens disponible la nova versi\u00f3 de l&#8217;<a href=\"https:\/\/atlantismoto.com\/ca\/app-atlantis-moto\/\"><strong>App d&#8217;AtlantisMOTO<\/strong><\/a>!<\/p>\n\t\t\t\t\t\t<\/div>\n\t\t\t\t<\/div>\n\t\t\t\t<div class=\"elementor-element elementor-element-83859e8 elementor-widget elementor-widget-text-editor\" data-id=\"83859e8\" data-element_type=\"widget\" data-widget_type=\"text-editor.default\">\n\t\t\t\t<div class=\"elementor-widget-container\">\n\t\t\t\t\t\t\t<p>A la nova App trobar\u00e0s una nova part<strong> social<\/strong>, amb moltes m\u00e9s rutes i nous filtres per trobar la ruta que m\u00e9s s&#8217;adapti a les teves prefer\u00e8ncies.<\/p>\n\t\t\t\t\t\t<\/div>\n\t\t\t\t<\/div>\n\t\t\t\t<div class=\"elementor-element elementor-element-ac66ecf elementor-widget elementor-widget-image\" data-id=\"ac66ecf\" data-element_type=\"widget\" data-widget_type=\"image.default\">\n\t\t\t\t<div class=\"elementor-widget-container\">\n\t\t\t\t\t\t\t\t\t\t\t\t\t<img loading=\"lazy\" decoding=\"async\" width=\"1080\" height=\"1920\" src=\"https:\/\/atlantismoto.com\/wp-content\/uploads\/2022\/08\/atlantismoto-app-ruta-cast.png\" class=\"attachment-2048x2048 size-2048x2048 wp-image-21107\" alt=\"Ruta en moto amb l&#039;App de AtlantisMOTO\" srcset=\"https:\/\/atlantismoto.com\/wp-content\/uploads\/2022\/08\/atlantismoto-app-ruta-cast.png 1080w, https:\/\/atlantismoto.com\/wp-content\/uploads\/2022\/08\/atlantismoto-app-ruta-cast-169x300.png 169w, https:\/\/atlantismoto.com\/wp-content\/uploads\/2022\/08\/atlantismoto-app-ruta-cast-576x1024.png 576w, https:\/\/atlantismoto.com\/wp-content\/uploads\/2022\/08\/atlantismoto-app-ruta-cast-768x1365.png 768w, https:\/\/atlantismoto.com\/wp-content\/uploads\/2022\/08\/atlantismoto-app-ruta-cast-864x1536.png 864w\" sizes=\"(max-width: 1080px) 100vw, 1080px\" \/>\t\t\t\t\t\t\t\t\t\t\t\t\t<\/div>\n\t\t\t\t<\/div>\n\t\t\t\t<div class=\"elementor-element elementor-element-282b067 elementor-widget elementor-widget-text-editor\" data-id=\"282b067\" data-element_type=\"widget\" data-widget_type=\"text-editor.default\">\n\t\t\t\t<div class=\"elementor-widget-container\">\n\t\t\t\t\t\t\t<p>Actualitza-la ja a <a href=\"https:\/\/apps.apple.com\/es\/app\/atlantis-moto\/id958956471\" target=\"_blank\" rel=\"noopener\"><strong>iOS<\/strong><\/a> o <a href=\"https:\/\/play.google.com\/store\/apps\/details?id=com.atlantis.atlantisbike&amp;gl=ES\" target=\"_blank\" rel=\"noopener\"><strong>Android<\/strong><\/a>!<\/p>\n\t\t\t\t\t\t<\/div>\n\t\t\t\t<\/div>\n\t\t\t\t\t<\/div>\n\t\t<\/div>\n\t\t\t\t\t<\/div>\n\t\t<\/section>\n\t\t\t\t<\/div>\n\t\t","protected":false},"excerpt":{"rendered":"<p>Amb la calor, sortir amb moto es pot fer m\u00e9s complicat per a alguns. Per\u00f2 poder rec\u00f3rrer carreteres com les de la Costa Brava, a [&hellip;]<\/p>\n","protected":false},"author":4,"featured_media":21123,"comment_status":"open","ping_status":"open","sticky":false,"template":"","format":"standard","meta":{"rank_math_lock_modified_date":false,"site-sidebar-layout":"default","site-content-layout":"","ast-site-content-layout":"","site-content-style":"default","site-sidebar-style":"default","ast-global-header-display":"","ast-banner-title-visibility":"","ast-main-header-display":"","ast-hfb-above-header-display":"","ast-hfb-below-header-display":"","ast-hfb-mobile-header-display":"","site-post-title":"","ast-breadcrumbs-content":"","ast-featured-img":"","footer-sml-layout":"","theme-transparent-header-meta":"","adv-header-id-meta":"","stick-header-meta":"","header-above-stick-meta":"","header-main-stick-meta":"","header-below-stick-meta":"","astra-migrate-meta-layouts":"default","ast-page-background-enabled":"default","ast-page-background-meta":{"desktop":{"background-color":"","background-image":"","background-repeat":"repeat","background-position":"center center","background-size":"auto","background-attachment":"scroll","background-type":"","background-media":"","overlay-type":"","overlay-color":"","overlay-opacity":"","overlay-gradient":""},"tablet":{"background-color":"","background-image":"","background-repeat":"repeat","background-position":"center center","background-size":"auto","background-attachment":"scroll","background-type":"","background-media":"","overlay-type":"","overlay-color":"","overlay-opacity":"","overlay-gradient":""},"mobile":{"background-color":"","background-image":"","background-repeat":"repeat","background-position":"center center","background-size":"auto","background-attachment":"scroll","background-type":"","background-media":"","overlay-type":"","overlay-color":"","overlay-opacity":"","overlay-gradient":""}},"ast-content-background-meta":{"desktop":{"background-color":"var(--ast-global-color-5)","background-image":"","background-repeat":"repeat","background-position":"center center","background-size":"auto","background-attachment":"scroll","background-type":"","background-media":"","overlay-type":"","overlay-color":"","overlay-opacity":"","overlay-gradient":""},"tablet":{"background-color":"var(--ast-global-color-5)","background-image":"","background-repeat":"repeat","background-position":"center center","background-size":"auto","background-attachment":"scroll","background-type":"","background-media":"","overlay-type":"","overlay-color":"","overlay-opacity":"","overlay-gradient":""},"mobile":{"background-color":"var(--ast-global-color-5)","background-image":"","background-repeat":"repeat","background-position":"center center","background-size":"auto","background-attachment":"scroll","background-type":"","background-media":"","overlay-type":"","overlay-color":"","overlay-opacity":"","overlay-gradient":""}},"footnotes":""},"categories":[437],"tags":[857,867,853,805],"class_list":["post-21132","post","type-post","status-publish","format-standard","has-post-thumbnail","hentry","category-rutes","tag-atlantismoto-3-0-ca","tag-costa-brava-ca","tag-ruta-en-moto-ca","tag-rutes-moto-catalunya"],"_links":{"self":[{"href":"https:\/\/atlantismoto.com\/ca\/wp-json\/wp\/v2\/posts\/21132"}],"collection":[{"href":"https:\/\/atlantismoto.com\/ca\/wp-json\/wp\/v2\/posts"}],"about":[{"href":"https:\/\/atlantismoto.com\/ca\/wp-json\/wp\/v2\/types\/post"}],"author":[{"embeddable":true,"href":"https:\/\/atlantismoto.com\/ca\/wp-json\/wp\/v2\/users\/4"}],"replies":[{"embeddable":true,"href":"https:\/\/atlantismoto.com\/ca\/wp-json\/wp\/v2\/comments?post=21132"}],"version-history":[{"count":9,"href":"https:\/\/atlantismoto.com\/ca\/wp-json\/wp\/v2\/posts\/21132\/revisions"}],"predecessor-version":[{"id":23649,"href":"https:\/\/atlantismoto.com\/ca\/wp-json\/wp\/v2\/posts\/21132\/revisions\/23649"}],"wp:featuredmedia":[{"embeddable":true,"href":"https:\/\/atlantismoto.com\/ca\/wp-json\/wp\/v2\/media\/21123"}],"wp:attachment":[{"href":"https:\/\/atlantismoto.com\/ca\/wp-json\/wp\/v2\/media?parent=21132"}],"wp:term":[{"taxonomy":"category","embeddable":true,"href":"https:\/\/atlantismoto.com\/ca\/wp-json\/wp\/v2\/categories?post=21132"},{"taxonomy":"post_tag","embeddable":true,"href":"https:\/\/atlantismoto.com\/ca\/wp-json\/wp\/v2\/tags?post=21132"}],"curies":[{"name":"wp","href":"https:\/\/api.w.org\/{rel}","templated":true}]}}