{"id":19311,"date":"2022-06-07T12:00:00","date_gmt":"2022-06-07T10:00:00","guid":{"rendered":"https:\/\/atlantismoto.com\/?p=19311"},"modified":"2022-11-05T11:52:58","modified_gmt":"2022-11-05T10:52:58","slug":"que-hi-ha-darrere-datlantismoto-texpliquem-linternet-de-les-coses","status":"publish","type":"post","link":"https:\/\/atlantismoto.com\/ca\/que-hi-ha-darrere-datlantismoto-texpliquem-linternet-de-les-coses\/","title":{"rendered":"Qu\u00e8 hi ha darrere d&#8217;AtlantisMOTO? T&#8217;expliquem l&#8217;Internet de les coses"},"content":{"rendered":"\t\t<div data-elementor-type=\"wp-post\" data-elementor-id=\"19311\" class=\"elementor elementor-19311 elementor-19287\" data-elementor-post-type=\"post\">\n\t\t\t\t\t\t<section class=\"elementor-section elementor-top-section elementor-element elementor-element-bc62efa elementor-section-boxed elementor-section-height-default elementor-section-height-default\" data-id=\"bc62efa\" data-element_type=\"section\">\n\t\t\t\t\t\t<div class=\"elementor-container elementor-column-gap-default\">\n\t\t\t\t\t<div class=\"elementor-column elementor-col-100 elementor-top-column elementor-element elementor-element-2c0b154\" data-id=\"2c0b154\" data-element_type=\"column\">\n\t\t\t<div class=\"elementor-widget-wrap elementor-element-populated\">\n\t\t\t\t\t\t<div class=\"elementor-element elementor-element-9c15ada elementor-widget elementor-widget-text-editor\" data-id=\"9c15ada\" data-element_type=\"widget\" data-widget_type=\"text-editor.default\">\n\t\t\t\t<div class=\"elementor-widget-container\">\n\t\t\t\t\t\t\t<p><strong>AtlantisMOTO<\/strong> \u00e9s molt m\u00e9s que una alarma amb localitzaci\u00f3 GPS per a la teva moto. A Atlantis IT oferim <strong>solucions digitals avan\u00e7ades<\/strong> aplicades al m\u00f3n de la mobilitat i per aix\u00f2 utilitzem tecnologies digitals com l&#8217;<strong>Internet de les coses<\/strong> (<em>Internet of Things<\/em>).<\/p>\n\t\t\t\t\t\t<\/div>\n\t\t\t\t<\/div>\n\t\t\t\t\t<\/div>\n\t\t<\/div>\n\t\t\t\t\t<\/div>\n\t\t<\/section>\n\t\t\t\t<section class=\"elementor-section elementor-top-section elementor-element elementor-element-2f239be elementor-section-boxed elementor-section-height-default elementor-section-height-default\" data-id=\"2f239be\" data-element_type=\"section\">\n\t\t\t\t\t\t<div class=\"elementor-container elementor-column-gap-default\">\n\t\t\t\t\t<div class=\"elementor-column elementor-col-100 elementor-top-column elementor-element elementor-element-2afe6ac\" data-id=\"2afe6ac\" data-element_type=\"column\">\n\t\t\t<div class=\"elementor-widget-wrap elementor-element-populated\">\n\t\t\t\t\t\t<div class=\"elementor-element elementor-element-ec1b585 elementor-widget elementor-widget-heading\" data-id=\"ec1b585\" data-element_type=\"widget\" data-widget_type=\"heading.default\">\n\t\t\t\t<div class=\"elementor-widget-container\">\n\t\t\t<h2 class=\"elementor-heading-title elementor-size-default\">Qu\u00e8 es l'IoT?<\/h2>\t\t<\/div>\n\t\t\t\t<\/div>\n\t\t\t\t<div class=\"elementor-element elementor-element-f0827f6 elementor-widget elementor-widget-text-editor\" data-id=\"f0827f6\" data-element_type=\"widget\" data-widget_type=\"text-editor.default\">\n\t\t\t\t<div class=\"elementor-widget-container\">\n\t\t\t\t\t\t\t<p>L&#8217;<strong>Internet de les coses<\/strong> (IoT) \u00e9s el\u00a0proc\u00e9s\u00a0que permet connectar elements f\u00edsics quotidians a l&#8217;Internet: des d&#8217;objectes dom\u00e8stics comuns, com les bombetes de la llum, fins a recursos per a l&#8217;atenci\u00f3 a la salut, com els dispositius m\u00e8dics; tamb\u00e9\u00a0engloba\u00a0peces de roba i\u00a0accessoris\u00a0personals intel\u00b7ligents, incl\u00fas els sistemes de les ciutats\u00a0intel\u00b7ligents.<\/p>\n\t\t\t\t\t\t<\/div>\n\t\t\t\t<\/div>\n\t\t\t\t\t<\/div>\n\t\t<\/div>\n\t\t\t\t\t<\/div>\n\t\t<\/section>\n\t\t\t\t<section class=\"elementor-section elementor-top-section elementor-element elementor-element-3583197 elementor-section-boxed elementor-section-height-default elementor-section-height-default\" data-id=\"3583197\" data-element_type=\"section\">\n\t\t\t\t\t\t<div class=\"elementor-container elementor-column-gap-default\">\n\t\t\t\t\t<div class=\"elementor-column elementor-col-100 elementor-top-column elementor-element elementor-element-e143a55\" data-id=\"e143a55\" data-element_type=\"column\">\n\t\t\t<div class=\"elementor-widget-wrap elementor-element-populated\">\n\t\t\t\t\t\t<div class=\"elementor-element elementor-element-062517c elementor-widget elementor-widget-heading\" data-id=\"062517c\" data-element_type=\"widget\" data-widget_type=\"heading.default\">\n\t\t\t\t<div class=\"elementor-widget-container\">\n\t\t\t<h2 class=\"elementor-heading-title elementor-size-default\">Per qu\u00e8 \u00e9s important l'IoT per a la teva empresa?<\/h2>\t\t<\/div>\n\t\t\t\t<\/div>\n\t\t\t\t<div class=\"elementor-element elementor-element-97df9d4 elementor-widget elementor-widget-text-editor\" data-id=\"97df9d4\" data-element_type=\"widget\" data-widget_type=\"text-editor.default\">\n\t\t\t\t<div class=\"elementor-widget-container\">\n\t\t\t\t\t\t\t<p>Amb nom\u00e9s <strong>tres ingredients<\/strong>: persones, coses i dades, pots optimitzar processos, prendre millors decisions i tenir el teu equip centrat en all\u00f2 que realment importa. L&#8217;Internet de les Coses ens aporta tres <strong>avantatges<\/strong> clau:<\/p>\n\t\t\t\t\t\t<\/div>\n\t\t\t\t<\/div>\n\t\t\t\t<div class=\"elementor-element elementor-element-303ba44 elementor-widget elementor-widget-text-editor\" data-id=\"303ba44\" data-element_type=\"widget\" data-widget_type=\"text-editor.default\">\n\t\t\t\t<div class=\"elementor-widget-container\">\n\t\t\t\t\t\t\t<ol>\n<li>Ens proporciona <strong>dades<\/strong> en temps real.<\/li>\n<li>Ens permet prendre <strong>decisions<\/strong> m\u00e9s r\u00e0pides.<\/li>\n<li>\u00c9s un factor clau per <strong>avan\u00e7ar<\/strong> a la nostra empresa.<\/li>\n<\/ol>\n\t\t\t\t\t\t<\/div>\n\t\t\t\t<\/div>\n\t\t\t\t<div class=\"elementor-element elementor-element-59c897c elementor-widget elementor-widget-text-editor\" data-id=\"59c897c\" data-element_type=\"widget\" data-widget_type=\"text-editor.default\">\n\t\t\t\t<div class=\"elementor-widget-container\">\n\t\t\t\t\t\t\t<p>A m\u00e9s, ens permet millorar la seguretat laboral, disminuir costos operatius i efici\u00e8ncia, automatitzar processos, personalitzar productes i serveis, seguiment de comandes en temps real, bona experi\u00e8ncia d&#8217;usuari, etc.<\/p>\n\t\t\t\t\t\t<\/div>\n\t\t\t\t<\/div>\n\t\t\t\t<div class=\"elementor-element elementor-element-90bd803 elementor-widget elementor-widget-text-editor\" data-id=\"90bd803\" data-element_type=\"widget\" data-widget_type=\"text-editor.default\">\n\t\t\t\t<div class=\"elementor-widget-container\">\n\t\t\t\t\t\t\t<p>El passat 31 de maig, el nostre CEO, Ricard Soler i Kopp, va impartir un <strong>Workshop<\/strong> organitzat per <a href=\"https:\/\/smartechcluster.org\/es\/oficina-acelera-pyme\/\" target=\"_blank\" rel=\"noopener\"><strong>Smartech Cluster i Acelera Pyme<\/strong><\/a> en el que ens explica tot aix\u00f2 amb molt m\u00e9s detall. Si t&#8217;ho vas perdre, et deixem el v\u00eddeo a continuaci\u00f3:<\/p>\n\t\t\t\t\t\t<\/div>\n\t\t\t\t<\/div>\n\t\t\t\t<div class=\"elementor-element elementor-element-c6d8522 elementor-widget elementor-widget-video\" data-id=\"c6d8522\" data-element_type=\"widget\" data-settings=\"{&quot;youtube_url&quot;:&quot;https:\\\/\\\/www.youtube.com\\\/watch?v=DeyCuPQENYk&quot;,&quot;video_type&quot;:&quot;youtube&quot;,&quot;controls&quot;:&quot;yes&quot;}\" data-widget_type=\"video.default\">\n\t\t\t\t<div class=\"elementor-widget-container\">\n\t\t\t\t\t<div class=\"elementor-wrapper elementor-open-inline\">\n\t\t\t<div class=\"elementor-video\"><\/div>\t\t<\/div>\n\t\t\t\t<\/div>\n\t\t\t\t<\/div>\n\t\t\t\t\t<\/div>\n\t\t<\/div>\n\t\t\t\t\t<\/div>\n\t\t<\/section>\n\t\t\t\t<section class=\"elementor-section elementor-top-section elementor-element elementor-element-d70da73 elementor-section-boxed elementor-section-height-default elementor-section-height-default\" data-id=\"d70da73\" data-element_type=\"section\">\n\t\t\t\t\t\t<div class=\"elementor-container elementor-column-gap-default\">\n\t\t\t\t\t<div class=\"elementor-column elementor-col-100 elementor-top-column elementor-element elementor-element-6b14124\" data-id=\"6b14124\" data-element_type=\"column\">\n\t\t\t<div class=\"elementor-widget-wrap elementor-element-populated\">\n\t\t\t\t\t\t<div class=\"elementor-element elementor-element-188df2c elementor-widget elementor-widget-heading\" data-id=\"188df2c\" data-element_type=\"widget\" data-widget_type=\"heading.default\">\n\t\t\t\t<div class=\"elementor-widget-container\">\n\t\t\t<h2 class=\"elementor-heading-title elementor-size-default\">Com apliquem l'IoT a AtlantisMOTO?<\/h2>\t\t<\/div>\n\t\t\t\t<\/div>\n\t\t\t\t<div class=\"elementor-element elementor-element-d66c834 elementor-widget elementor-widget-text-editor\" data-id=\"d66c834\" data-element_type=\"widget\" data-widget_type=\"text-editor.default\">\n\t\t\t\t<div class=\"elementor-widget-container\">\n\t\t\t\t\t\t\t<p><strong>ET PROTEGEIX.<\/strong> Els nostres dispositius compten amb sensors que ens ajuden a obtenir informaci\u00f3 sobre qu\u00e8 li passa a la teva moto en qualsevol moment, i d&#8217;aquesta forma us protegeix tant a tu com a la teva moto.<\/p>\n<p><strong>ET CONNECTA<\/strong>. Els sensors detecten el que li passa a la teva moto en temps real i el nostre dispositiu connecta via GSM amb tu a trav\u00e9s del teu m\u00f2bil per comunicar-t&#8217;ho.<\/p>\n<p><strong>COMPARTEIX<\/strong>. A m\u00e9s, tu pots compartir la teva posici\u00f3 amb qui tu vulguis\u00a0<span class=\"hiddenGrammarError\" style=\"padding-bottom: 2px; background-image: url('..\/..\/..\/..\/..\/images\/squiggle.png'); background-repeat: repeat-x; background-position: left bottom; cursor: default; color: #000000; font-family: 'Open Sans', Helvetica, Arial, sans-serif; font-size: 16px; font-style: normal; font-variant-ligatures: normal; font-variant-caps: normal; font-weight: 300; letter-spacing: normal; orphans: 2; text-align: start; text-indent: 0px; text-transform: none; white-space: normal; widows: 2; word-spacing: 0px; -webkit-text-stroke-width: 0px; text-decoration-thickness: initial; text-decoration-style: initial; text-decoration-color: initial;\">(l<\/span>a posici\u00f3 de la teva moto en temps real, av\u00eds en cas de caiguda, les teves rutes en qualsevol moment, l&#8217;arribada a un lloc determinat&#8230;).<\/p>\n<p>T&#8217;ho mostrem en la seg\u00fcent infografia:<\/p>\n\t\t\t\t\t\t<\/div>\n\t\t\t\t<\/div>\n\t\t\t\t<div class=\"elementor-element elementor-element-366ab3e elementor-widget elementor-widget-image\" data-id=\"366ab3e\" data-element_type=\"widget\" data-widget_type=\"image.default\">\n\t\t\t\t<div class=\"elementor-widget-container\">\n\t\t\t\t\t\t\t\t\t\t\t\t\t<img fetchpriority=\"high\" decoding=\"async\" width=\"1024\" height=\"427\" src=\"https:\/\/atlantismoto.com\/wp-content\/uploads\/2022\/06\/infografia-iot-atlantismoto-1024x427.png\" class=\"attachment-large size-large wp-image-19296\" alt=\"infografia iot atlantismoto\" srcset=\"https:\/\/atlantismoto.com\/wp-content\/uploads\/2022\/06\/infografia-iot-atlantismoto-1024x427.png 1024w, https:\/\/atlantismoto.com\/wp-content\/uploads\/2022\/06\/infografia-iot-atlantismoto-300x125.png 300w, https:\/\/atlantismoto.com\/wp-content\/uploads\/2022\/06\/infografia-iot-atlantismoto-768x320.png 768w, https:\/\/atlantismoto.com\/wp-content\/uploads\/2022\/06\/infografia-iot-atlantismoto-1536x640.png 1536w, https:\/\/atlantismoto.com\/wp-content\/uploads\/2022\/06\/infografia-iot-atlantismoto.png 2048w\" sizes=\"(max-width: 1024px) 100vw, 1024px\" \/>\t\t\t\t\t\t\t\t\t\t\t\t\t<\/div>\n\t\t\t\t<\/div>\n\t\t\t\t\t<\/div>\n\t\t<\/div>\n\t\t\t\t\t<\/div>\n\t\t<\/section>\n\t\t\t\t<section class=\"elementor-section elementor-top-section elementor-element elementor-element-fc55997 elementor-section-boxed elementor-section-height-default elementor-section-height-default\" data-id=\"fc55997\" data-element_type=\"section\">\n\t\t\t\t\t\t<div class=\"elementor-container elementor-column-gap-default\">\n\t\t\t\t\t<div class=\"elementor-column elementor-col-100 elementor-top-column elementor-element elementor-element-f67e936\" data-id=\"f67e936\" data-element_type=\"column\">\n\t\t\t<div class=\"elementor-widget-wrap elementor-element-populated\">\n\t\t\t\t\t\t<div class=\"elementor-element elementor-element-9ef1baf elementor-widget elementor-widget-heading\" data-id=\"9ef1baf\" data-element_type=\"widget\" data-widget_type=\"heading.default\">\n\t\t\t\t<div class=\"elementor-widget-container\">\n\t\t\t<h2 class=\"elementor-heading-title elementor-size-default\">Quins sectors poden beneficiar-se de l'IoT?<\/h2>\t\t<\/div>\n\t\t\t\t<\/div>\n\t\t\t\t\t<\/div>\n\t\t<\/div>\n\t\t\t\t\t<\/div>\n\t\t<\/section>\n\t\t\t\t<section class=\"elementor-section elementor-top-section elementor-element elementor-element-c2b7b11 elementor-section-boxed elementor-section-height-default elementor-section-height-default\" data-id=\"c2b7b11\" data-element_type=\"section\">\n\t\t\t\t\t\t<div class=\"elementor-container elementor-column-gap-default\">\n\t\t\t\t\t<div class=\"elementor-column elementor-col-100 elementor-top-column elementor-element elementor-element-98b0dd4\" data-id=\"98b0dd4\" data-element_type=\"column\">\n\t\t\t<div class=\"elementor-widget-wrap elementor-element-populated\">\n\t\t\t\t\t\t<div class=\"elementor-element elementor-element-3c39244 elementor-widget elementor-widget-text-editor\" data-id=\"3c39244\" data-element_type=\"widget\" data-widget_type=\"text-editor.default\">\n\t\t\t\t<div class=\"elementor-widget-container\">\n\t\t\t\t\t\t\t<p>L&#8217;Internet de les coses pot aplicar-se en m\u00faltiples sectors, entre ells trobem:<\/p>\n\t\t\t\t\t\t<\/div>\n\t\t\t\t<\/div>\n\t\t\t\t<div class=\"elementor-element elementor-element-f8252cb elementor-widget elementor-widget-text-editor\" data-id=\"f8252cb\" data-element_type=\"widget\" data-widget_type=\"text-editor.default\">\n\t\t\t\t<div class=\"elementor-widget-container\">\n\t\t\t\t\t\t\t<ul>\n<li><strong>Log\u00edstica:<\/strong> control i c\u00e0rrega del transport.<\/li>\n<li><strong>Salut:<\/strong> tra\u00e7abilitat de mostres, monitoratge remot.<\/li>\n<li><strong>Sector\u00a0<em><span class=\"hiddenSpellError\">utilities<\/span><\/em>:<\/strong> alertar d&#8217;incid\u00e8ncies en temps real, monitoratge remota de m\u00e0quines.<\/li>\n<li><strong>Sector maquin\u00e0ria:<\/strong> monitoratge\u00a0remota de m\u00e0quines.<\/li>\n<li><strong>Infraestructures.<\/strong><\/li>\n<li><strong>Distribuci\u00f3:<\/strong> tra\u00e7abilitat de comandes, tra\u00e7abilitat de temperatures, resoluci\u00f3 m\u00e9s \u00e0gil, albar\u00e0 electr\u00f2nic, etc.<\/li>\n<li><strong>Valoraci\u00f3 de residus:<\/strong> tra\u00e7abilitat dels residus, control del consum el\u00e8ctric.<\/li>\n<li><strong>Mobilitat:<\/strong> control d&#8217;\u00fas, transport intermodal personal.<\/li>\n<li><strong>Serveis t\u00e8cnics a domicili:<\/strong> recursos disponibles, reduir temps d&#8217;entrega, reduir la petjada de carboni.<\/li>\n<\/ul>\n\t\t\t\t\t\t<\/div>\n\t\t\t\t<\/div>\n\t\t\t\t<div class=\"elementor-element elementor-element-a2665c0 elementor-widget elementor-widget-text-editor\" data-id=\"a2665c0\" data-element_type=\"widget\" data-widget_type=\"text-editor.default\">\n\t\t\t\t<div class=\"elementor-widget-container\">\n\t\t\t\t\t\t\t<p>Com veieu, les tecnologies digitals avan\u00e7ades ja formen part del nostre dia a dia, i per aquest motiu, <a href=\"https:\/\/atlantismoto.com\/ca\/\"><strong>AtlantisMOTO<\/strong><\/a> cerquem avan\u00e7ar i millorar constantment. Descobreix els nostres <a href=\"https:\/\/shop.atlantismoto.com\/\"><strong>sistemes de seguretat<\/strong><\/a> i com l&#8217;IoT pot ajudar-te a estar m\u00e9s protegit i connectat amb la teva moto.<\/p>\n\t\t\t\t\t\t<\/div>\n\t\t\t\t<\/div>\n\t\t\t\t\t<\/div>\n\t\t<\/div>\n\t\t\t\t\t<\/div>\n\t\t<\/section>\n\t\t\t\t<\/div>\n\t\t","protected":false},"excerpt":{"rendered":"<p>A Atlantis IT oferim solucions digitals avan\u00e7ades aplicades al m\u00f3n de la mobilitat i per aix\u00f2 utilitzem tecnologies digitals com l&#8217;Internet de les coses.<\/p>\n","protected":false},"author":4,"featured_media":19320,"comment_status":"open","ping_status":"open","sticky":false,"template":"","format":"standard","meta":{"rank_math_lock_modified_date":false,"site-sidebar-layout":"default","site-content-layout":"","ast-site-content-layout":"","site-content-style":"default","site-sidebar-style":"default","ast-global-header-display":"","ast-banner-title-visibility":"","ast-main-header-display":"","ast-hfb-above-header-display":"","ast-hfb-below-header-display":"","ast-hfb-mobile-header-display":"","site-post-title":"","ast-breadcrumbs-content":"","ast-featured-img":"","footer-sml-layout":"","theme-transparent-header-meta":"","adv-header-id-meta":"","stick-header-meta":"","header-above-stick-meta":"","header-main-stick-meta":"","header-below-stick-meta":"","astra-migrate-meta-layouts":"default","ast-page-background-enabled":"default","ast-page-background-meta":{"desktop":{"background-color":"","background-image":"","background-repeat":"repeat","background-position":"center center","background-size":"auto","background-attachment":"scroll","background-type":"","background-media":"","overlay-type":"","overlay-color":"","overlay-opacity":"","overlay-gradient":""},"tablet":{"background-color":"","background-image":"","background-repeat":"repeat","background-position":"center center","background-size":"auto","background-attachment":"scroll","background-type":"","background-media":"","overlay-type":"","overlay-color":"","overlay-opacity":"","overlay-gradient":""},"mobile":{"background-color":"","background-image":"","background-repeat":"repeat","background-position":"center center","background-size":"auto","background-attachment":"scroll","background-type":"","background-media":"","overlay-type":"","overlay-color":"","overlay-opacity":"","overlay-gradient":""}},"ast-content-background-meta":{"desktop":{"background-color":"var(--ast-global-color-5)","background-image":"","background-repeat":"repeat","background-position":"center center","background-size":"auto","background-attachment":"scroll","background-type":"","background-media":"","overlay-type":"","overlay-color":"","overlay-opacity":"","overlay-gradient":""},"tablet":{"background-color":"var(--ast-global-color-5)","background-image":"","background-repeat":"repeat","background-position":"center center","background-size":"auto","background-attachment":"scroll","background-type":"","background-media":"","overlay-type":"","overlay-color":"","overlay-opacity":"","overlay-gradient":""},"mobile":{"background-color":"var(--ast-global-color-5)","background-image":"","background-repeat":"repeat","background-position":"center center","background-size":"auto","background-attachment":"scroll","background-type":"","background-media":"","overlay-type":"","overlay-color":"","overlay-opacity":"","overlay-gradient":""}},"footnotes":""},"categories":[1,379],"tags":[788,782],"class_list":["post-19311","post","type-post","status-publish","format-standard","has-post-thumbnail","hentry","category-noticias","category-noticies","tag-internet-of-things-ca","tag-iot-ca"],"_links":{"self":[{"href":"https:\/\/atlantismoto.com\/ca\/wp-json\/wp\/v2\/posts\/19311"}],"collection":[{"href":"https:\/\/atlantismoto.com\/ca\/wp-json\/wp\/v2\/posts"}],"about":[{"href":"https:\/\/atlantismoto.com\/ca\/wp-json\/wp\/v2\/types\/post"}],"author":[{"embeddable":true,"href":"https:\/\/atlantismoto.com\/ca\/wp-json\/wp\/v2\/users\/4"}],"replies":[{"embeddable":true,"href":"https:\/\/atlantismoto.com\/ca\/wp-json\/wp\/v2\/comments?post=19311"}],"version-history":[{"count":12,"href":"https:\/\/atlantismoto.com\/ca\/wp-json\/wp\/v2\/posts\/19311\/revisions"}],"predecessor-version":[{"id":23653,"href":"https:\/\/atlantismoto.com\/ca\/wp-json\/wp\/v2\/posts\/19311\/revisions\/23653"}],"wp:featuredmedia":[{"embeddable":true,"href":"https:\/\/atlantismoto.com\/ca\/wp-json\/wp\/v2\/media\/19320"}],"wp:attachment":[{"href":"https:\/\/atlantismoto.com\/ca\/wp-json\/wp\/v2\/media?parent=19311"}],"wp:term":[{"taxonomy":"category","embeddable":true,"href":"https:\/\/atlantismoto.com\/ca\/wp-json\/wp\/v2\/categories?post=19311"},{"taxonomy":"post_tag","embeddable":true,"href":"https:\/\/atlantismoto.com\/ca\/wp-json\/wp\/v2\/tags?post=19311"}],"curies":[{"name":"wp","href":"https:\/\/api.w.org\/{rel}","templated":true}]}}