{"id":14832,"date":"2021-11-18T08:25:12","date_gmt":"2021-11-18T07:25:12","guid":{"rendered":"https:\/\/atlantismoto.com\/km-solidarity-finalitza-la-ruta-solidaria-en-busca-de-la-sonrisa-perdida-2021\/"},"modified":"2022-05-27T10:52:23","modified_gmt":"2022-05-27T08:52:23","slug":"km-solidarity-finalitza-la-ruta-solidaria-en-busca-de-la-sonrisa-perdida-2021","status":"publish","type":"post","link":"https:\/\/atlantismoto.com\/ca\/km-solidarity-finalitza-la-ruta-solidaria-en-busca-de-la-sonrisa-perdida-2021\/","title":{"rendered":"KM Solidarity, finalitza la ruta solid\u00e0ria \u201cEn Busca de la Sonrisa Perdida 2021\u201d"},"content":{"rendered":"\t\t<div data-elementor-type=\"wp-post\" data-elementor-id=\"14832\" class=\"elementor elementor-14832 elementor-14768\" data-elementor-post-type=\"post\">\n\t\t\t\t\t\t<section class=\"elementor-section elementor-top-section elementor-element elementor-element-c1ae330 elementor-section-boxed elementor-section-height-default elementor-section-height-default\" data-id=\"c1ae330\" data-element_type=\"section\">\n\t\t\t\t\t\t<div class=\"elementor-container elementor-column-gap-default\">\n\t\t\t\t\t<div class=\"elementor-column elementor-col-100 elementor-top-column elementor-element elementor-element-321cb3a\" data-id=\"321cb3a\" data-element_type=\"column\">\n\t\t\t<div class=\"elementor-widget-wrap elementor-element-populated\">\n\t\t\t\t\t\t<div class=\"elementor-element elementor-element-4414c7c elementor-widget elementor-widget-image\" data-id=\"4414c7c\" data-element_type=\"widget\" data-widget_type=\"image.default\">\n\t\t\t\t<div class=\"elementor-widget-container\">\n\t\t\t\t\t\t\t\t\t\t\t\t\t<img fetchpriority=\"high\" decoding=\"async\" width=\"940\" height=\"529\" src=\"https:\/\/atlantismoto.com\/wp-content\/uploads\/2021\/11\/imagen_3.jpg\" class=\"attachment-large size-large wp-image-14763\" alt=\"imagen 3\" srcset=\"https:\/\/atlantismoto.com\/wp-content\/uploads\/2021\/11\/imagen_3.jpg 940w, https:\/\/atlantismoto.com\/wp-content\/uploads\/2021\/11\/imagen_3-300x169.jpg 300w, https:\/\/atlantismoto.com\/wp-content\/uploads\/2021\/11\/imagen_3-768x432.jpg 768w\" sizes=\"(max-width: 940px) 100vw, 940px\" \/>\t\t\t\t\t\t\t\t\t\t\t\t\t<\/div>\n\t\t\t\t<\/div>\n\t\t\t\t<div class=\"elementor-element elementor-element-e9364cd elementor-widget elementor-widget-text-editor\" data-id=\"e9364cd\" data-element_type=\"widget\" data-widget_type=\"text-editor.default\">\n\t\t\t\t<div class=\"elementor-widget-container\">\n\t\t\t\t\t\t\t<p>Com ja us coment\u00e0vem fa unes <strong>setmanes <\/strong><a href=\"https:\/\/www.atlantismoto.com\/ca\/km-solidarity-esdeveniment-solidari-en-busca-de-la-sonrisa-perdida\/\"><strong>KM Solidarity, l&#8217;ONG motard m\u00e9s gran d&#8217;Espanya<\/strong><\/a>, s&#8217;estaven preparant per a realitzar una ruta solid\u00e0ria per Espanya. El passat 15 d&#8217;octubre van finalitzar la ruta a Santander. Vam tenir el plaer de poder acompanyar-los durant els actes que van realitzar en la capital C\u00e0ntabra, la seva \u00faltima etapa de la ruta solid\u00e0ria \u201cEn Busca de la Sonrisa Perdida 2021\u201d. Els integrants de KM Solidarity recorregut m\u00e9s de 3500km per Espanya, repartint al voltant de 3 tones d&#8217;aliments en diferents associacions que treballen en favor dels m\u00e9s desfavorits.<\/p>\n\t\t\t\t\t\t<\/div>\n\t\t\t\t<\/div>\n\t\t\t\t<div class=\"elementor-element elementor-element-ec0c22a elementor-widget elementor-widget-heading\" data-id=\"ec0c22a\" data-element_type=\"widget\" data-widget_type=\"heading.default\">\n\t\t\t\t<div class=\"elementor-widget-container\">\n\t\t\t<h2 class=\"elementor-heading-title elementor-size-default\">KM Solidarity ambaixadors d'AtlantisMOTO, reparteixen  ilusi\u00f3 i somriures en moto<\/h2>\t\t<\/div>\n\t\t\t\t<\/div>\n\t\t\t\t\t<\/div>\n\t\t<\/div>\n\t\t\t\t\t<\/div>\n\t\t<\/section>\n\t\t\t\t<section class=\"elementor-section elementor-top-section elementor-element elementor-element-4a3b829 elementor-section-boxed elementor-section-height-default elementor-section-height-default\" data-id=\"4a3b829\" data-element_type=\"section\">\n\t\t\t\t\t\t<div class=\"elementor-container elementor-column-gap-default\">\n\t\t\t\t\t<div class=\"elementor-column elementor-col-100 elementor-top-column elementor-element elementor-element-2bbb66c\" data-id=\"2bbb66c\" data-element_type=\"column\">\n\t\t\t<div class=\"elementor-widget-wrap elementor-element-populated\">\n\t\t\t\t\t\t<section class=\"elementor-section elementor-inner-section elementor-element elementor-element-d1c8810 elementor-section-boxed elementor-section-height-default elementor-section-height-default\" data-id=\"d1c8810\" data-element_type=\"section\">\n\t\t\t\t\t\t<div class=\"elementor-container elementor-column-gap-default\">\n\t\t\t\t\t<div class=\"elementor-column elementor-col-50 elementor-inner-column elementor-element elementor-element-897a03d\" data-id=\"897a03d\" data-element_type=\"column\">\n\t\t\t<div class=\"elementor-widget-wrap elementor-element-populated\">\n\t\t\t\t\t\t<div class=\"elementor-element elementor-element-f1c88e3 elementor-widget elementor-widget-text-editor\" data-id=\"f1c88e3\" data-element_type=\"widget\" data-widget_type=\"text-editor.default\">\n\t\t\t\t<div class=\"elementor-widget-container\">\n\t\t\t\t\t\t\t<p>Molts d&#8217;ells esperen de manera especial aquest dia any rere any, on surten de la seva rutina i poden pujar-se al damunt de grans motos. Enguany a m\u00e9s van poder seure sobre l&#8217;espectacular BMW R18 Trans-continental, una moto que all\u00e0 on va es converteix en el centre de les mirades de qualsevol, sigui amant de les motos o no. Jose Maria Alegre, periodista especialitzat en el m\u00f3n del motor ha realitzat una cr\u00f2nica del viatge a la Newsletter de \u00a0BMW Motorrad, <a href=\"https:\/\/www.bmwridersnewsletter.es\/BMW\/?p=34898\" target=\"_blank\" rel=\"noopener\"><strong>aqu\u00ed teniu l&#8217;enlla\u00e7<\/strong><\/a>.<\/p>\n\t\t\t\t\t\t<\/div>\n\t\t\t\t<\/div>\n\t\t\t\t\t<\/div>\n\t\t<\/div>\n\t\t\t\t<div class=\"elementor-column elementor-col-50 elementor-inner-column elementor-element elementor-element-7204f97\" data-id=\"7204f97\" data-element_type=\"column\">\n\t\t\t<div class=\"elementor-widget-wrap elementor-element-populated\">\n\t\t\t\t\t\t<div class=\"elementor-element elementor-element-dd75e3f elementor-widget elementor-widget-image\" data-id=\"dd75e3f\" data-element_type=\"widget\" data-widget_type=\"image.default\">\n\t\t\t\t<div class=\"elementor-widget-container\">\n\t\t\t\t\t\t\t\t\t\t<figure class=\"wp-caption\">\n\t\t\t\t\t\t\t\t\t\t<img decoding=\"async\" src=\"https:\/\/atlantismoto.com\/wp-content\/uploads\/elementor\/thumbs\/imagen_4-qljqwmz91sseotnn0kfcvdlyhdgagmeu42ow163lwg.jpg\" title=\"imagen_4\" alt=\"imagen_4\" loading=\"lazy\" \/>\t\t\t\t\t\t\t\t\t\t\t<figcaption class=\"widget-image-caption wp-caption-text\">@jm.alegre prenent imatges de l'esdeveniment<\/figcaption>\n\t\t\t\t\t\t\t\t\t\t<\/figure>\n\t\t\t\t\t\t\t<\/div>\n\t\t\t\t<\/div>\n\t\t\t\t\t<\/div>\n\t\t<\/div>\n\t\t\t\t\t<\/div>\n\t\t<\/section>\n\t\t\t\t\t<\/div>\n\t\t<\/div>\n\t\t\t\t\t<\/div>\n\t\t<\/section>\n\t\t\t\t<section class=\"elementor-section elementor-top-section elementor-element elementor-element-ce71b0f elementor-section-boxed elementor-section-height-default elementor-section-height-default\" data-id=\"ce71b0f\" data-element_type=\"section\">\n\t\t\t\t\t\t<div class=\"elementor-container elementor-column-gap-default\">\n\t\t\t\t\t<div class=\"elementor-column elementor-col-100 elementor-top-column elementor-element elementor-element-a2b8033\" data-id=\"a2b8033\" data-element_type=\"column\">\n\t\t\t<div class=\"elementor-widget-wrap elementor-element-populated\">\n\t\t\t\t\t\t<div class=\"elementor-element elementor-element-4c7839a elementor-widget elementor-widget-text-editor\" data-id=\"4c7839a\" data-element_type=\"widget\" data-widget_type=\"text-editor.default\">\n\t\t\t\t<div class=\"elementor-widget-container\">\n\t\t\t\t\t\t\t<p>Com a fi d&#8217;actes de KM Solidarity per a aquest 2021, el passat 5 de novembre van realitzar un menjar en el centre De La Rioja a Madrid, on varem assistir per a celebrar la finalitzaci\u00f3 de l&#8217;esdeveniment amb els socis d&#8217;honor de Km Solidarity: El Padre Angel (Mensajeros de la Paz) , Enrique Cerezo (President del Atl\u00e9tico de Madrid) i Vicente del Bosque (entrenador de futbol i ex- seleccionador nacional). Durant l&#8217;esdeveniment van mostrar el v\u00eddeo-resum de la seva ruta solid\u00e0ria que <a href=\"https:\/\/m.facebook.com\/watch\/?v=401098588164738&amp;ref=sharing&amp;_rdr\" target=\"_blank\" rel=\"noopener\"><strong>podeu veure aqu\u00ed<\/strong><\/a> fent especial esment al Pablo S\u00e1enz, soci fundador de KM que ens deixo aquest 2021. Es va realitzar el nomenament i el nomenament dels nous socis d&#8217;honor d&#8217;aquest any 2021: L&#8217;alcalde de Madrid Jos\u00e9 Lu\u00eds Mart\u00ednez Almeida , Luis de la Fuente(seleccionador nacional sub-21 i Juan Ignacio Gallardo (Director de Marca) i com a nou ambaixador d&#8217;aquesta ONG Carlos Sobrea (Actor i presentador de TV).<\/p>\n\t\t\t\t\t\t<\/div>\n\t\t\t\t<\/div>\n\t\t\t\t<div class=\"elementor-element elementor-element-9794dce elementor-widget elementor-widget-image\" data-id=\"9794dce\" data-element_type=\"widget\" data-widget_type=\"image.default\">\n\t\t\t\t<div class=\"elementor-widget-container\">\n\t\t\t\t\t\t\t\t\t\t<figure class=\"wp-caption\">\n\t\t\t\t\t\t\t\t\t\t<img decoding=\"async\" width=\"940\" height=\"529\" src=\"https:\/\/atlantismoto.com\/wp-content\/uploads\/2021\/11\/imagen_1.jpg\" class=\"attachment-large size-large wp-image-14757\" alt=\"imagen 1\" srcset=\"https:\/\/atlantismoto.com\/wp-content\/uploads\/2021\/11\/imagen_1.jpg 940w, https:\/\/atlantismoto.com\/wp-content\/uploads\/2021\/11\/imagen_1-300x169.jpg 300w, https:\/\/atlantismoto.com\/wp-content\/uploads\/2021\/11\/imagen_1-768x432.jpg 768w\" sizes=\"(max-width: 940px) 100vw, 940px\" \/>\t\t\t\t\t\t\t\t\t\t\t<figcaption class=\"widget-image-caption wp-caption-text\">A l'esdeveniment tamb\u00e9 vam poder veure i muntar-nos en la nova moto el\u00e8ctrica de BMW, la CE04<\/figcaption>\n\t\t\t\t\t\t\t\t\t\t<\/figure>\n\t\t\t\t\t\t\t<\/div>\n\t\t\t\t<\/div>\n\t\t\t\t\t<\/div>\n\t\t<\/div>\n\t\t\t\t\t<\/div>\n\t\t<\/section>\n\t\t\t\t<section class=\"elementor-section elementor-top-section elementor-element elementor-element-10b5813 elementor-section-boxed elementor-section-height-default elementor-section-height-default\" data-id=\"10b5813\" data-element_type=\"section\">\n\t\t\t\t\t\t<div class=\"elementor-container elementor-column-gap-default\">\n\t\t\t\t\t<div class=\"elementor-column elementor-col-100 elementor-top-column elementor-element elementor-element-12c6203\" data-id=\"12c6203\" data-element_type=\"column\">\n\t\t\t<div class=\"elementor-widget-wrap elementor-element-populated\">\n\t\t\t\t\t\t<div class=\"elementor-element elementor-element-b94c82a elementor-widget elementor-widget-heading\" data-id=\"b94c82a\" data-element_type=\"widget\" data-widget_type=\"heading.default\">\n\t\t\t\t<div class=\"elementor-widget-container\">\n\t\t\t<h2 class=\"elementor-heading-title elementor-size-default\">KM Solidarity duen equipades  les seves BMW amb el localitzador GPS per a motos AtlantisMOTO MAX<\/h2>\t\t<\/div>\n\t\t\t\t<\/div>\n\t\t\t\t<div class=\"elementor-element elementor-element-8d50b08 elementor-widget elementor-widget-text-editor\" data-id=\"8d50b08\" data-element_type=\"widget\" data-widget_type=\"text-editor.default\">\n\t\t\t\t<div class=\"elementor-widget-container\">\n\t\t\t\t\t\t\t<p>Enguany a trav\u00e9s de l&#8217;App de AtlantisMOTO tots els que volguessin podien participar seguint o acompanyant a les motos BMW GS de KM Solidarity, que equipades amb <a href=\"https:\/\/www.atlantismoto.com\/ca\/atlantis-moto-max\/\"><strong>AtlantisMOTO MAX,<\/strong><\/a> transmetien la seva ruta en viu. A trav\u00e9s de l&#8217;App pod\u00edem con\u00e8ixer la localitzaci\u00f3 de les motos de KM Solidarity i els diferents punts de parada on realitzaven les donacions d&#8217;aliments i\/o actes amb les diferents organitzacions. L&#8217;acolliment va ser bo,\u00a0 i ja estem treballant amb ells en la nova edici\u00f3 2022.<\/p>\n<p>Ens veiem en la pr\u00f2xima etapa 2022<\/p>\n\t\t\t\t\t\t<\/div>\n\t\t\t\t<\/div>\n\t\t\t\t<div class=\"elementor-element elementor-element-3dd39ee elementor-widget elementor-widget-image\" data-id=\"3dd39ee\" data-element_type=\"widget\" data-widget_type=\"image.default\">\n\t\t\t\t<div class=\"elementor-widget-container\">\n\t\t\t\t\t\t\t\t\t\t\t\t\t<img decoding=\"async\" width=\"940\" height=\"529\" src=\"https:\/\/atlantismoto.com\/wp-content\/uploads\/2021\/11\/imagen_2.jpg\" class=\"attachment-large size-large wp-image-14760\" alt=\"imagen 2\" srcset=\"https:\/\/atlantismoto.com\/wp-content\/uploads\/2021\/11\/imagen_2.jpg 940w, https:\/\/atlantismoto.com\/wp-content\/uploads\/2021\/11\/imagen_2-300x169.jpg 300w, https:\/\/atlantismoto.com\/wp-content\/uploads\/2021\/11\/imagen_2-768x432.jpg 768w\" sizes=\"(max-width: 940px) 100vw, 940px\" \/>\t\t\t\t\t\t\t\t\t\t\t\t\t<\/div>\n\t\t\t\t<\/div>\n\t\t\t\t\t<\/div>\n\t\t<\/div>\n\t\t\t\t\t<\/div>\n\t\t<\/section>\n\t\t\t\t<\/div>\n\t\t","protected":false},"excerpt":{"rendered":"<p>Els integrants de KM Solidarity recorregut m\u00e9s de 3500km per Espanya, repartint al voltant de 3 tones d&#8217;aliments en diferents associacions que treballen en favor dels m\u00e9s desfavorits.<\/p>\n","protected":false},"author":4,"featured_media":14763,"comment_status":"open","ping_status":"open","sticky":false,"template":"","format":"standard","meta":{"rank_math_lock_modified_date":false,"site-sidebar-layout":"default","site-content-layout":"","ast-site-content-layout":"","site-content-style":"default","site-sidebar-style":"default","ast-global-header-display":"","ast-banner-title-visibility":"","ast-main-header-display":"","ast-hfb-above-header-display":"","ast-hfb-below-header-display":"","ast-hfb-mobile-header-display":"","site-post-title":"","ast-breadcrumbs-content":"","ast-featured-img":"","footer-sml-layout":"","theme-transparent-header-meta":"","adv-header-id-meta":"","stick-header-meta":"","header-above-stick-meta":"","header-main-stick-meta":"","header-below-stick-meta":"","astra-migrate-meta-layouts":"default","ast-page-background-enabled":"default","ast-page-background-meta":{"desktop":{"background-color":"","background-image":"","background-repeat":"repeat","background-position":"center center","background-size":"auto","background-attachment":"scroll","background-type":"","background-media":"","overlay-type":"","overlay-color":"","overlay-opacity":"","overlay-gradient":""},"tablet":{"background-color":"","background-image":"","background-repeat":"repeat","background-position":"center center","background-size":"auto","background-attachment":"scroll","background-type":"","background-media":"","overlay-type":"","overlay-color":"","overlay-opacity":"","overlay-gradient":""},"mobile":{"background-color":"","background-image":"","background-repeat":"repeat","background-position":"center center","background-size":"auto","background-attachment":"scroll","background-type":"","background-media":"","overlay-type":"","overlay-color":"","overlay-opacity":"","overlay-gradient":""}},"ast-content-background-meta":{"desktop":{"background-color":"var(--ast-global-color-5)","background-image":"","background-repeat":"repeat","background-position":"center center","background-size":"auto","background-attachment":"scroll","background-type":"","background-media":"","overlay-type":"","overlay-color":"","overlay-opacity":"","overlay-gradient":""},"tablet":{"background-color":"var(--ast-global-color-5)","background-image":"","background-repeat":"repeat","background-position":"center center","background-size":"auto","background-attachment":"scroll","background-type":"","background-media":"","overlay-type":"","overlay-color":"","overlay-opacity":"","overlay-gradient":""},"mobile":{"background-color":"var(--ast-global-color-5)","background-image":"","background-repeat":"repeat","background-position":"center center","background-size":"auto","background-attachment":"scroll","background-type":"","background-media":"","overlay-type":"","overlay-color":"","overlay-opacity":"","overlay-gradient":""}},"footnotes":""},"categories":[418],"tags":[],"class_list":["post-14832","post","type-post","status-publish","format-standard","has-post-thumbnail","hentry","category-esdeveniments"],"_links":{"self":[{"href":"https:\/\/atlantismoto.com\/ca\/wp-json\/wp\/v2\/posts\/14832"}],"collection":[{"href":"https:\/\/atlantismoto.com\/ca\/wp-json\/wp\/v2\/posts"}],"about":[{"href":"https:\/\/atlantismoto.com\/ca\/wp-json\/wp\/v2\/types\/post"}],"author":[{"embeddable":true,"href":"https:\/\/atlantismoto.com\/ca\/wp-json\/wp\/v2\/users\/4"}],"replies":[{"embeddable":true,"href":"https:\/\/atlantismoto.com\/ca\/wp-json\/wp\/v2\/comments?post=14832"}],"version-history":[{"count":1,"href":"https:\/\/atlantismoto.com\/ca\/wp-json\/wp\/v2\/posts\/14832\/revisions"}],"predecessor-version":[{"id":19107,"href":"https:\/\/atlantismoto.com\/ca\/wp-json\/wp\/v2\/posts\/14832\/revisions\/19107"}],"wp:featuredmedia":[{"embeddable":true,"href":"https:\/\/atlantismoto.com\/ca\/wp-json\/wp\/v2\/media\/14763"}],"wp:attachment":[{"href":"https:\/\/atlantismoto.com\/ca\/wp-json\/wp\/v2\/media?parent=14832"}],"wp:term":[{"taxonomy":"category","embeddable":true,"href":"https:\/\/atlantismoto.com\/ca\/wp-json\/wp\/v2\/categories?post=14832"},{"taxonomy":"post_tag","embeddable":true,"href":"https:\/\/atlantismoto.com\/ca\/wp-json\/wp\/v2\/tags?post=14832"}],"curies":[{"name":"wp","href":"https:\/\/api.w.org\/{rel}","templated":true}]}}