{"id":14730,"date":"2021-11-11T19:18:00","date_gmt":"2021-11-11T18:18:00","guid":{"rendered":"https:\/\/www.atlantismoto.com\/?p=14730"},"modified":"2022-05-27T10:52:23","modified_gmt":"2022-05-27T08:52:23","slug":"entrevista-a-xavi-fabregas-el-nostre-primer-ambaixador-datlantismoto","status":"publish","type":"post","link":"https:\/\/atlantismoto.com\/ca\/entrevista-a-xavi-fabregas-el-nostre-primer-ambaixador-datlantismoto\/","title":{"rendered":"Entrevista a Xavi F\u00e0bregas \u2013 El nostre primer ambaixador d\u2019AtlantisMOTO"},"content":{"rendered":"\t\t<div data-elementor-type=\"wp-post\" data-elementor-id=\"14730\" class=\"elementor elementor-14730 elementor-14706\" data-elementor-post-type=\"post\">\n\t\t\t\t\t\t<section class=\"elementor-section elementor-top-section elementor-element elementor-element-328f7c6 elementor-section-boxed elementor-section-height-default elementor-section-height-default\" data-id=\"328f7c6\" data-element_type=\"section\">\n\t\t\t\t\t\t<div class=\"elementor-container elementor-column-gap-default\">\n\t\t\t\t\t<div class=\"elementor-column elementor-col-100 elementor-top-column elementor-element elementor-element-90e1e3d\" data-id=\"90e1e3d\" data-element_type=\"column\">\n\t\t\t<div class=\"elementor-widget-wrap elementor-element-populated\">\n\t\t\t\t\t\t<div class=\"elementor-element elementor-element-2d33d13 elementor-widget elementor-widget-image\" data-id=\"2d33d13\" data-element_type=\"widget\" data-widget_type=\"image.default\">\n\t\t\t\t<div class=\"elementor-widget-container\">\n\t\t\t\t\t\t\t\t\t\t\t\t\t<img fetchpriority=\"high\" decoding=\"async\" width=\"940\" height=\"529\" src=\"https:\/\/atlantismoto.com\/wp-content\/uploads\/2021\/11\/imatge3.jpg\" class=\"attachment-large size-large wp-image-14715\" alt=\"imatge3\" srcset=\"https:\/\/atlantismoto.com\/wp-content\/uploads\/2021\/11\/imatge3.jpg 940w, https:\/\/atlantismoto.com\/wp-content\/uploads\/2021\/11\/imatge3-300x169.jpg 300w, https:\/\/atlantismoto.com\/wp-content\/uploads\/2021\/11\/imatge3-768x432.jpg 768w\" sizes=\"(max-width: 940px) 100vw, 940px\" \/>\t\t\t\t\t\t\t\t\t\t\t\t\t<\/div>\n\t\t\t\t<\/div>\n\t\t\t\t<div class=\"elementor-element elementor-element-9d57adc elementor-widget elementor-widget-text-editor\" data-id=\"9d57adc\" data-element_type=\"widget\" data-widget_type=\"text-editor.default\">\n\t\t\t\t<div class=\"elementor-widget-container\">\n\t\t\t\t\t\t\t<p>Un dels Moto-vloggers amb m\u00e9s <em>\u201csolera\u201d<\/em> de l&#8217;esfera motard \u00a0del nostre pa\u00eds, sens dubte \u00e9s Xavi F\u00e0bregas, porta gaireb\u00e9 10 anys creant contingut \u00fanic i aut\u00e8ntic. En el seu canal podem trobar viatges, esdeveniments, proves d&#8217;accessoris, de motos i sobretot sinceritat. La mateixa sinceritat que trobar\u00edem si parl\u00e9ssim amb un amic del que ens sembla una cosa o una altra, del m\u00f3n de la moto.<\/p>\n<p>En el seu canal principal, (teniu tots els enlla\u00e7os de les seves xarxes socials aqu\u00ed), Xavi porta gaireb\u00e9 10 anys ensenyant-nos el m\u00f3n de la moto als ulls d&#8217;un moter d\u2019arrel, dels que fan servir la moto per a tot. El seu canal va comen\u00e7ar mostrant els seus primers viatges. Tot va comen\u00e7ar amb el seu primer viatge als Alps, despr\u00e9s al Marroc, despr\u00e9s ens va ensenyar les seves escapades de cap de setmana, la Trans-Pirenaca, per\u00f2 no una normal, no\u2026una feta en un parell de dies. I com no, les Vaaaauqes!!! i \u00a0\u201cEls Moto-esdeveniments\u201d, molts moto-esdeveniments, Els haur\u00e0 fet tots? Amb ells el seu canal va cr\u00e9ixer molt\u00edssim. Tamb\u00e9 realitza proves de motos, d&#8217;accessoris i de tot el que us pugueu imaginar que giri al voltant de la moto.<\/p>\n\t\t\t\t\t\t<\/div>\n\t\t\t\t<\/div>\n\t\t\t\t\t<\/div>\n\t\t<\/div>\n\t\t\t\t\t<\/div>\n\t\t<\/section>\n\t\t\t\t<section class=\"elementor-section elementor-top-section elementor-element elementor-element-4ce2918 elementor-section-boxed elementor-section-height-default elementor-section-height-default\" data-id=\"4ce2918\" data-element_type=\"section\">\n\t\t\t\t\t\t<div class=\"elementor-container elementor-column-gap-default\">\n\t\t\t\t\t<div class=\"elementor-column elementor-col-100 elementor-top-column elementor-element elementor-element-c29e4b4\" data-id=\"c29e4b4\" data-element_type=\"column\">\n\t\t\t<div class=\"elementor-widget-wrap elementor-element-populated\">\n\t\t\t\t\t\t<div class=\"elementor-element elementor-element-1accc68 elementor-widget elementor-widget-heading\" data-id=\"1accc68\" data-element_type=\"widget\" data-widget_type=\"heading.default\">\n\t\t\t\t<div class=\"elementor-widget-container\">\n\t\t\t<h2 class=\"elementor-heading-title elementor-size-default\">Xavi Fabregas Motovlog, supera els 38k suscriptors<\/h2>\t\t<\/div>\n\t\t\t\t<\/div>\n\t\t\t\t<div class=\"elementor-element elementor-element-bad7bd2 elementor-widget elementor-widget-text-editor\" data-id=\"bad7bd2\" data-element_type=\"widget\" data-widget_type=\"text-editor.default\">\n\t\t\t\t<div class=\"elementor-widget-container\">\n\t\t\t\t\t\t\t<p>Actualment Xavi F\u00e0bregas Motovlog, t\u00e9 m\u00e9s de 38K subscriptors. S\u00f3n molts, per\u00f2 ens semblen pocs, perqu\u00e8 \u00e9s dif\u00edcil trobar en el m\u00f3n de la moto a alg\u00fa que no li conegui o com a m\u00ednim hagi vist algun dels seus v\u00eddeos (que injustes s\u00f3n les xarxes socials). Com a bon divulgador que \u00e9s, compta amb m\u00e9s d&#8217;un canal. En el seu canal secundari : \u201cEl desballestament de Xavi\u201d encontra\u00e9is estupends tutorials, Gameplays i qualsevol cosa que li vingui de gust comentar. A remarcar els seus tutorials de BaseCamp el programa de Garmin que Xavi domina a la perfecci\u00f3.<\/p>\n\t\t\t\t\t\t<\/div>\n\t\t\t\t<\/div>\n\t\t\t\t<div class=\"elementor-element elementor-element-ec9a540 elementor-widget elementor-widget-image\" data-id=\"ec9a540\" data-element_type=\"widget\" data-widget_type=\"image.default\">\n\t\t\t\t<div class=\"elementor-widget-container\">\n\t\t\t\t\t\t\t\t\t\t\t\t\t<img decoding=\"async\" width=\"940\" height=\"529\" src=\"https:\/\/atlantismoto.com\/wp-content\/uploads\/2021\/11\/imatge2.jpg\" class=\"attachment-large size-large wp-image-14712\" alt=\"imatge2\" srcset=\"https:\/\/atlantismoto.com\/wp-content\/uploads\/2021\/11\/imatge2.jpg 940w, https:\/\/atlantismoto.com\/wp-content\/uploads\/2021\/11\/imatge2-300x169.jpg 300w, https:\/\/atlantismoto.com\/wp-content\/uploads\/2021\/11\/imatge2-768x432.jpg 768w\" sizes=\"(max-width: 940px) 100vw, 940px\" \/>\t\t\t\t\t\t\t\t\t\t\t\t\t<\/div>\n\t\t\t\t<\/div>\n\t\t\t\t\t<\/div>\n\t\t<\/div>\n\t\t\t\t\t<\/div>\n\t\t<\/section>\n\t\t\t\t<section class=\"elementor-section elementor-top-section elementor-element elementor-element-16eed49 elementor-section-boxed elementor-section-height-default elementor-section-height-default\" data-id=\"16eed49\" data-element_type=\"section\">\n\t\t\t\t\t\t<div class=\"elementor-container elementor-column-gap-default\">\n\t\t\t\t\t<div class=\"elementor-column elementor-col-100 elementor-top-column elementor-element elementor-element-3512e05\" data-id=\"3512e05\" data-element_type=\"column\">\n\t\t\t<div class=\"elementor-widget-wrap elementor-element-populated\">\n\t\t\t\t\t\t<div class=\"elementor-element elementor-element-0160391 elementor-widget elementor-widget-text-editor\" data-id=\"0160391\" data-element_type=\"widget\" data-widget_type=\"text-editor.default\">\n\t\t\t\t<div class=\"elementor-widget-container\">\n\t\t\t\t\t\t\t<p>El seu canal principal, ha estat sempre ple de v\u00eddeos del m\u00f3n de la moto. Xavi sempre s&#8217;ha preocupat per oferir un contingut de qualitat en els seus v\u00eddeos. A m\u00e9s, la qualitat visual dels seus v\u00eddeos ha anat <em>in crescendo,<\/em> amb cada publicaci\u00f3 (ah! Tamb\u00e9 el podeu veure editant els seus v\u00eddeos en temps real Twitch). Prova d&#8217;aix\u00f2 s\u00f3n els seus \u00faltims v\u00eddeos de proves de motos, en els quals participa com a premsa especialitzada. Per\u00f2 com a guinda del past\u00eds est\u00e0 el del viatge que es va marcar aquest estiu amb la seva filla a Su\u00efssa per a veure al seu \u201cpana\u201d Aloysius, el qual us recomanem de forma especial<\/p>\n\t\t\t\t\t\t<\/div>\n\t\t\t\t<\/div>\n\t\t\t\t<div class=\"elementor-element elementor-element-f359e52 elementor-widget elementor-widget-video\" data-id=\"f359e52\" data-element_type=\"widget\" data-settings=\"{&quot;youtube_url&quot;:&quot;https:\\\/\\\/youtu.be\\\/R2IfLRMDEXU&quot;,&quot;video_type&quot;:&quot;youtube&quot;,&quot;controls&quot;:&quot;yes&quot;}\" data-widget_type=\"video.default\">\n\t\t\t\t<div class=\"elementor-widget-container\">\n\t\t\t\t\t<div class=\"elementor-wrapper elementor-open-inline\">\n\t\t\t<div class=\"elementor-video\"><\/div>\t\t<\/div>\n\t\t\t\t<\/div>\n\t\t\t\t<\/div>\n\t\t\t\t\t<\/div>\n\t\t<\/div>\n\t\t\t\t\t<\/div>\n\t\t<\/section>\n\t\t\t\t<section class=\"elementor-section elementor-top-section elementor-element elementor-element-1d4da49 elementor-section-boxed elementor-section-height-default elementor-section-height-default\" data-id=\"1d4da49\" data-element_type=\"section\">\n\t\t\t\t\t\t<div class=\"elementor-container elementor-column-gap-default\">\n\t\t\t\t\t<div class=\"elementor-column elementor-col-100 elementor-top-column elementor-element elementor-element-bb83ae3\" data-id=\"bb83ae3\" data-element_type=\"column\">\n\t\t\t<div class=\"elementor-widget-wrap elementor-element-populated\">\n\t\t\t\t\t\t<div class=\"elementor-element elementor-element-e5a1049 elementor-widget elementor-widget-text-editor\" data-id=\"e5a1049\" data-element_type=\"widget\" data-widget_type=\"text-editor.default\">\n\t\t\t\t<div class=\"elementor-widget-container\">\n\t\t\t\t\t\t\t<p>Segur que se&#8217;ns oblida alguna cosa, (et demanem disculpis Xavi), per\u00f2 avui volem indagar una mica m\u00e9s en la hist\u00f2ria de Xavi perqu\u00e8 el coneguem tots una mica m\u00e9s de forma personal i quins s\u00f3n els seus plans de futur.<\/p>\n\t\t\t\t\t\t<\/div>\n\t\t\t\t<\/div>\n\t\t\t\t\t<\/div>\n\t\t<\/div>\n\t\t\t\t\t<\/div>\n\t\t<\/section>\n\t\t\t\t<section class=\"elementor-section elementor-top-section elementor-element elementor-element-97c66ad elementor-section-boxed elementor-section-height-default elementor-section-height-default\" data-id=\"97c66ad\" data-element_type=\"section\">\n\t\t\t\t\t\t<div class=\"elementor-container elementor-column-gap-default\">\n\t\t\t\t\t<div class=\"elementor-column elementor-col-100 elementor-top-column elementor-element elementor-element-778d5ec\" data-id=\"778d5ec\" data-element_type=\"column\">\n\t\t\t<div class=\"elementor-widget-wrap elementor-element-populated\">\n\t\t\t\t\t\t<div class=\"elementor-element elementor-element-167132b elementor-widget elementor-widget-image\" data-id=\"167132b\" data-element_type=\"widget\" data-widget_type=\"image.default\">\n\t\t\t\t<div class=\"elementor-widget-container\">\n\t\t\t\t\t\t\t\t\t\t\t\t\t<img decoding=\"async\" width=\"940\" height=\"529\" src=\"https:\/\/atlantismoto.com\/wp-content\/uploads\/2021\/11\/imatge1.jpg\" class=\"attachment-large size-large wp-image-14709\" alt=\"imatge1\" srcset=\"https:\/\/atlantismoto.com\/wp-content\/uploads\/2021\/11\/imatge1.jpg 940w, https:\/\/atlantismoto.com\/wp-content\/uploads\/2021\/11\/imatge1-300x169.jpg 300w, https:\/\/atlantismoto.com\/wp-content\/uploads\/2021\/11\/imatge1-768x432.jpg 768w\" sizes=\"(max-width: 940px) 100vw, 940px\" \/>\t\t\t\t\t\t\t\t\t\t\t\t\t<\/div>\n\t\t\t\t<\/div>\n\t\t\t\t<div class=\"elementor-element elementor-element-bc9d062 elementor-widget elementor-widget-text-editor\" data-id=\"bc9d062\" data-element_type=\"widget\" data-widget_type=\"text-editor.default\">\n\t\t\t\t<div class=\"elementor-widget-container\">\n\t\t\t\t\t\t\t<p><strong>Quina va ser la teva primera experi\u00e8ncia amb moto en la teva vida, abans de tenir moto pr\u00f2pia? <\/strong><\/p>\n<p>Com es veu a la foto m\u00e9s Antiga que tinc sobre una moto, va ser el veure dia rere dia la Ossa Comercial 150 del meu avi. Lamentablement un d&#8217;aquests dies en els quals em pujava a ella sense perm\u00eds i supervisi\u00f3 d&#8217;un adult, aquesta es va v\u00e8ncer i em va caure damunt. No ho recordo exactament per\u00f2 no tindria mes de 5 anys possiblement.<\/p>\t\t\t\t\t\t<\/div>\n\t\t\t\t<\/div>\n\t\t\t\t<div class=\"elementor-element elementor-element-6e84f95 elementor-widget elementor-widget-heading\" data-id=\"6e84f95\" data-element_type=\"widget\" data-widget_type=\"heading.default\">\n\t\t\t\t<div class=\"elementor-widget-container\">\n\t\t\t<h2 class=\"elementor-heading-title elementor-size-default\">Quina \u00e9s la teva marca de motos preferida? Ara mateix el meu cor \u00e9s taronja<\/h2>\t\t<\/div>\n\t\t\t\t<\/div>\n\t\t\t\t\t<\/div>\n\t\t<\/div>\n\t\t\t\t\t<\/div>\n\t\t<\/section>\n\t\t\t\t<section class=\"elementor-section elementor-top-section elementor-element elementor-element-286d403 elementor-section-boxed elementor-section-height-default elementor-section-height-default\" data-id=\"286d403\" data-element_type=\"section\">\n\t\t\t\t\t\t<div class=\"elementor-container elementor-column-gap-default\">\n\t\t\t\t\t<div class=\"elementor-column elementor-col-100 elementor-top-column elementor-element elementor-element-0a24d35\" data-id=\"0a24d35\" data-element_type=\"column\">\n\t\t\t<div class=\"elementor-widget-wrap elementor-element-populated\">\n\t\t\t\t\t\t<div class=\"elementor-element elementor-element-ceab36b elementor-widget elementor-widget-text-editor\" data-id=\"ceab36b\" data-element_type=\"widget\" data-widget_type=\"text-editor.default\">\n\t\t\t\t<div class=\"elementor-widget-container\">\n\t\t\t\t\t\t\t<p><strong>La moto \u00e9s ara una part de la teva vida, Va ser sempre aix\u00ed? Quina va ser la teva primera moto? <\/strong><\/p>\n<p>En absolut! La meva entrada a les motos va ser tard i per necessitat, en 2005. En aquells dies treballava a la Ciutat de Tarragona i fart d&#8217;intentar aparcar el cotxe amuntegant-los uns damunt d&#8217;uns altres, em vaig comprar una Piaggio X8 125cc aprofitant la convalidaci\u00f3 del carnet B que permetia conduir amb ell aquest tipus de motos. I all\u00ed es va embolicar,&#8230; als 10 mesos ja m&#8217;havia tret l&#8217;A.<\/p>\n\t\t\t\t\t\t<\/div>\n\t\t\t\t<\/div>\n\t\t\t\t<div class=\"elementor-element elementor-element-0258cee elementor-widget elementor-widget-image\" data-id=\"0258cee\" data-element_type=\"widget\" data-widget_type=\"image.default\">\n\t\t\t\t<div class=\"elementor-widget-container\">\n\t\t\t\t\t\t\t\t\t\t\t\t\t<img loading=\"lazy\" decoding=\"async\" width=\"940\" height=\"529\" src=\"https:\/\/atlantismoto.com\/wp-content\/uploads\/2021\/11\/imatge4.jpg\" class=\"attachment-large size-large wp-image-14718\" alt=\"imatge4\" srcset=\"https:\/\/atlantismoto.com\/wp-content\/uploads\/2021\/11\/imatge4.jpg 940w, https:\/\/atlantismoto.com\/wp-content\/uploads\/2021\/11\/imatge4-300x169.jpg 300w, https:\/\/atlantismoto.com\/wp-content\/uploads\/2021\/11\/imatge4-768x432.jpg 768w\" sizes=\"(max-width: 940px) 100vw, 940px\" \/>\t\t\t\t\t\t\t\t\t\t\t\t\t<\/div>\n\t\t\t\t<\/div>\n\t\t\t\t\t<\/div>\n\t\t<\/div>\n\t\t\t\t\t<\/div>\n\t\t<\/section>\n\t\t\t\t<section class=\"elementor-section elementor-top-section elementor-element elementor-element-2bb6e0b elementor-section-boxed elementor-section-height-default elementor-section-height-default\" data-id=\"2bb6e0b\" data-element_type=\"section\">\n\t\t\t\t\t\t<div class=\"elementor-container elementor-column-gap-default\">\n\t\t\t\t\t<div class=\"elementor-column elementor-col-100 elementor-top-column elementor-element elementor-element-f906c46\" data-id=\"f906c46\" data-element_type=\"column\">\n\t\t\t<div class=\"elementor-widget-wrap elementor-element-populated\">\n\t\t\t\t\t\t<div class=\"elementor-element elementor-element-7b6e632 elementor-widget elementor-widget-heading\" data-id=\"7b6e632\" data-element_type=\"widget\" data-widget_type=\"heading.default\">\n\t\t\t\t<div class=\"elementor-widget-container\">\n\t\t\t<h2 class=\"elementor-heading-title elementor-size-default\">El viatge moter a CAP NORD \u00e9s el dest\u00ed que almenys una vegada a la vida s\u2019ha de fer<\/h2>\t\t<\/div>\n\t\t\t\t<\/div>\n\t\t\t\t<div class=\"elementor-element elementor-element-b624372 elementor-widget elementor-widget-text-editor\" data-id=\"b624372\" data-element_type=\"widget\" data-widget_type=\"text-editor.default\">\n\t\t\t\t<div class=\"elementor-widget-container\">\n\t\t\t\t\t\t\t<p><strong>Quin \u00e9s el dest\u00ed que recomanaries a qualsevol motoviajero que ja hagis fet? <\/strong><\/p>\n<p>Sempre penso que a Catalunya tenim una sort incre\u00efble pel tema motero. No fa falta anar molt lluny per a quedar-te amb la boca oberta corba despr\u00e9s de corba, i de tots aquests racons amb encant els Pirineus s\u00f3n la meva feblesa. Per\u00f2 sens dubte el dest\u00ed que cap mototurista hauria de perdre&#8217;s, i ja no \u00e9s el dest\u00ed si no la ruta\/viatge en si, \u00e9s CAP NORD. Almenys una vegada en la vida cal fer aquesta peregrinaci\u00f3 motera.<\/p>\n<p><strong>Tens algun dest\u00ed somiat al qual no hagis anat amb moto? <\/strong><\/p>\n<p>Molt\u00edssims! Quan mires el mapa d&#8217;Europa (ja no et dic el del m\u00f3n) t&#8217;adones que a penes he sortit molt a la vora. Per\u00f2 a un \u201cviajecito overlander m\u00e0xim\u201d creuant Am\u00e8rica de cap a cap, no li diria que no.<\/p>\n\t\t\t\t\t\t<\/div>\n\t\t\t\t<\/div>\n\t\t\t\t\t<\/div>\n\t\t<\/div>\n\t\t\t\t\t<\/div>\n\t\t<\/section>\n\t\t\t\t<section class=\"elementor-section elementor-top-section elementor-element elementor-element-299610c elementor-section-boxed elementor-section-height-default elementor-section-height-default\" data-id=\"299610c\" data-element_type=\"section\">\n\t\t\t\t\t\t<div class=\"elementor-container elementor-column-gap-default\">\n\t\t\t\t\t<div class=\"elementor-column elementor-col-100 elementor-top-column elementor-element elementor-element-2e61a8f\" data-id=\"2e61a8f\" data-element_type=\"column\">\n\t\t\t<div class=\"elementor-widget-wrap elementor-element-populated\">\n\t\t\t\t\t\t<div class=\"elementor-element elementor-element-e4d4afa elementor-widget elementor-widget-heading\" data-id=\"e4d4afa\" data-element_type=\"widget\" data-widget_type=\"heading.default\">\n\t\t\t\t<div class=\"elementor-widget-container\">\n\t\t\t<h2 class=\"elementor-heading-title elementor-size-default\">El que m\u00e9s t\u2019aporta tenir un AtlantisMOTO \u00e9s seguretat i tranquilitat<\/h2>\t\t<\/div>\n\t\t\t\t<\/div>\n\t\t\t\t<div class=\"elementor-element elementor-element-157a5be elementor-widget elementor-widget-text-editor\" data-id=\"157a5be\" data-element_type=\"widget\" data-widget_type=\"text-editor.default\">\n\t\t\t\t<div class=\"elementor-widget-container\">\n\t\t\t\t\t\t\t<p><strong>La teva moto actual \u00e9s una maxi-trail, que et permet anar tant per carretera com pel camp, per\u00f2 si haguessis de triar entre carretera o camp, qu\u00e8 t&#8217;agrada m\u00e9s? <\/strong><\/p>\n<p>Per a alg\u00fa al qual li agrada i l&#8217;apassiona l&#8217;aut\u00e8ntic concepte de Trail preguntar-li aix\u00f2 \u00e9s com fer-li triar entre a qui vols m\u00e9s, a pap\u00e0 o a mam\u00e0. No em facis triar!<\/p>\n<p><strong>Has provat moltes motos, models i marques, per\u00f2\u2026. Quina \u00e9s la teva marca de motos preferida? <\/strong><\/p>\n<p>Malgrat haver tingut ja dos Triumph\u2019s, el meu cor ara mateix \u00e9s taronja. M&#8217;encanten les KTM, el seu car\u00e0cter, el seu comportament, la qual cosa transmet la marca,\u2026 tinc la KTM 890 Adventure R entre cella i cella, el que no s\u00e9, \u00a0\u00e9s \u00a0quan caur\u00e0. Per\u00f2 s\u00f3c molt promiscu en aix\u00f2, m&#8217;agraden totes, i tal com avui \u00e9s taronja dem\u00e0 pot ser d&#8217;un altre color.<\/p>\n\t\t\t\t\t\t<\/div>\n\t\t\t\t<\/div>\n\t\t\t\t\t<\/div>\n\t\t<\/div>\n\t\t\t\t\t<\/div>\n\t\t<\/section>\n\t\t\t\t<section class=\"elementor-section elementor-top-section elementor-element elementor-element-ec556f4 elementor-section-boxed elementor-section-height-default elementor-section-height-default\" data-id=\"ec556f4\" data-element_type=\"section\">\n\t\t\t\t\t\t<div class=\"elementor-container elementor-column-gap-default\">\n\t\t\t\t\t<div class=\"elementor-column elementor-col-100 elementor-top-column elementor-element elementor-element-60e6d2c\" data-id=\"60e6d2c\" data-element_type=\"column\">\n\t\t\t<div class=\"elementor-widget-wrap elementor-element-populated\">\n\t\t\t\t\t\t<div class=\"elementor-element elementor-element-a87e295 elementor-widget elementor-widget-heading\" data-id=\"a87e295\" data-element_type=\"widget\" data-widget_type=\"heading.default\">\n\t\t\t\t<div class=\"elementor-widget-container\">\n\t\t\t<h2 class=\"elementor-heading-title elementor-size-default\">Si em robessin la moto, s\u00e9 que amb AtlantisMOTO la trobaria<\/h2>\t\t<\/div>\n\t\t\t\t<\/div>\n\t\t\t\t<div class=\"elementor-element elementor-element-789645c elementor-widget elementor-widget-text-editor\" data-id=\"789645c\" data-element_type=\"widget\" data-widget_type=\"text-editor.default\">\n\t\t\t\t<div class=\"elementor-widget-container\">\n\t\t\t\t\t\t\t<p><strong>Qu\u00e8 creus que li pot aportar AtlantisMOTO a la vida de qualsevol moter? <\/strong><\/p>\n<p>Seguretat i tranquil\u00b7litat el que m\u00e9s. Fa temps que no es que \u00e9s posar la pin\u00e7a en el disc o haver d&#8217;anar a coll amb una pesada \u201cpit\u00f3\u201d. Qu\u00e8 te la poden robar si volen? Naturalment, per\u00f2 amb Atlantis s\u00e9 que la torbaria de nou.<\/p>\n\t\t\t\t\t\t<\/div>\n\t\t\t\t<\/div>\n\t\t\t\t\t<\/div>\n\t\t<\/div>\n\t\t\t\t\t<\/div>\n\t\t<\/section>\n\t\t\t\t<\/div>\n\t\t","protected":false},"excerpt":{"rendered":"<p>El nostre primer ambaixador \ud83e\udd35 y un dels Moto-vloggers amb m\u00e9s solera de l&#8217;esfera motera del nostre pa\u00eds, sens dubte \u00e9s Xavi F\u00e0bregas \ud83d\udc2e, porta gaireb\u00e9 \ud83d\udd1f anys creant contingut \u00fanic i aut\u00e8ntic \ud83d\udc2e.  Si el vols con\u00e8ixer una mica m\u00e9s \u2764\ufe0f, no et perdis la nostra \ud83c\udf99 entrevista \ud83c\udfcd\ud83d\udca8\ud83d\udca8\u270c\ufe0f<\/p>\n","protected":false},"author":4,"featured_media":14715,"comment_status":"open","ping_status":"open","sticky":false,"template":"","format":"standard","meta":{"rank_math_lock_modified_date":false,"site-sidebar-layout":"default","site-content-layout":"","ast-site-content-layout":"","site-content-style":"default","site-sidebar-style":"default","ast-global-header-display":"","ast-banner-title-visibility":"","ast-main-header-display":"","ast-hfb-above-header-display":"","ast-hfb-below-header-display":"","ast-hfb-mobile-header-display":"","site-post-title":"","ast-breadcrumbs-content":"","ast-featured-img":"","footer-sml-layout":"","theme-transparent-header-meta":"","adv-header-id-meta":"","stick-header-meta":"","header-above-stick-meta":"","header-main-stick-meta":"","header-below-stick-meta":"","astra-migrate-meta-layouts":"default","ast-page-background-enabled":"default","ast-page-background-meta":{"desktop":{"background-color":"","background-image":"","background-repeat":"repeat","background-position":"center center","background-size":"auto","background-attachment":"scroll","background-type":"","background-media":"","overlay-type":"","overlay-color":"","overlay-opacity":"","overlay-gradient":""},"tablet":{"background-color":"","background-image":"","background-repeat":"repeat","background-position":"center center","background-size":"auto","background-attachment":"scroll","background-type":"","background-media":"","overlay-type":"","overlay-color":"","overlay-opacity":"","overlay-gradient":""},"mobile":{"background-color":"","background-image":"","background-repeat":"repeat","background-position":"center center","background-size":"auto","background-attachment":"scroll","background-type":"","background-media":"","overlay-type":"","overlay-color":"","overlay-opacity":"","overlay-gradient":""}},"ast-content-background-meta":{"desktop":{"background-color":"var(--ast-global-color-5)","background-image":"","background-repeat":"repeat","background-position":"center center","background-size":"auto","background-attachment":"scroll","background-type":"","background-media":"","overlay-type":"","overlay-color":"","overlay-opacity":"","overlay-gradient":""},"tablet":{"background-color":"var(--ast-global-color-5)","background-image":"","background-repeat":"repeat","background-position":"center center","background-size":"auto","background-attachment":"scroll","background-type":"","background-media":"","overlay-type":"","overlay-color":"","overlay-opacity":"","overlay-gradient":""},"mobile":{"background-color":"var(--ast-global-color-5)","background-image":"","background-repeat":"repeat","background-position":"center center","background-size":"auto","background-attachment":"scroll","background-type":"","background-media":"","overlay-type":"","overlay-color":"","overlay-opacity":"","overlay-gradient":""}},"footnotes":""},"categories":[379],"tags":[],"class_list":["post-14730","post","type-post","status-publish","format-standard","has-post-thumbnail","hentry","category-noticies"],"_links":{"self":[{"href":"https:\/\/atlantismoto.com\/ca\/wp-json\/wp\/v2\/posts\/14730"}],"collection":[{"href":"https:\/\/atlantismoto.com\/ca\/wp-json\/wp\/v2\/posts"}],"about":[{"href":"https:\/\/atlantismoto.com\/ca\/wp-json\/wp\/v2\/types\/post"}],"author":[{"embeddable":true,"href":"https:\/\/atlantismoto.com\/ca\/wp-json\/wp\/v2\/users\/4"}],"replies":[{"embeddable":true,"href":"https:\/\/atlantismoto.com\/ca\/wp-json\/wp\/v2\/comments?post=14730"}],"version-history":[{"count":1,"href":"https:\/\/atlantismoto.com\/ca\/wp-json\/wp\/v2\/posts\/14730\/revisions"}],"predecessor-version":[{"id":19108,"href":"https:\/\/atlantismoto.com\/ca\/wp-json\/wp\/v2\/posts\/14730\/revisions\/19108"}],"wp:featuredmedia":[{"embeddable":true,"href":"https:\/\/atlantismoto.com\/ca\/wp-json\/wp\/v2\/media\/14715"}],"wp:attachment":[{"href":"https:\/\/atlantismoto.com\/ca\/wp-json\/wp\/v2\/media?parent=14730"}],"wp:term":[{"taxonomy":"category","embeddable":true,"href":"https:\/\/atlantismoto.com\/ca\/wp-json\/wp\/v2\/categories?post=14730"},{"taxonomy":"post_tag","embeddable":true,"href":"https:\/\/atlantismoto.com\/ca\/wp-json\/wp\/v2\/tags?post=14730"}],"curies":[{"name":"wp","href":"https:\/\/api.w.org\/{rel}","templated":true}]}}