{"id":13139,"date":"2021-05-12T20:04:51","date_gmt":"2021-05-12T18:04:51","guid":{"rendered":"https:\/\/www.atlantismoto.com\/entrevista-gerardo-echeto-te-doy-la-vuelta\/"},"modified":"2022-05-27T10:52:28","modified_gmt":"2022-05-27T08:52:28","slug":"entrevista-gerardo-echeto-te-doy-la-vuelta","status":"publish","type":"post","link":"https:\/\/atlantismoto.com\/ca\/entrevista-gerardo-echeto-te-doy-la-vuelta\/","title":{"rendered":"Entrevista a Gerardo Echeto \u2013 \u201cTe doy la Vuelta\u201d"},"content":{"rendered":"\t\t<div data-elementor-type=\"wp-post\" data-elementor-id=\"13139\" class=\"elementor elementor-13139 elementor-13090\" data-elementor-post-type=\"post\">\n\t\t\t\t\t\t<section class=\"elementor-section elementor-top-section elementor-element elementor-element-4d31740 elementor-section-boxed elementor-section-height-default elementor-section-height-default\" data-id=\"4d31740\" data-element_type=\"section\">\n\t\t\t\t\t\t<div class=\"elementor-container elementor-column-gap-default\">\n\t\t\t\t\t<div class=\"elementor-column elementor-col-100 elementor-top-column elementor-element elementor-element-ec04850\" data-id=\"ec04850\" data-element_type=\"column\">\n\t\t\t<div class=\"elementor-widget-wrap elementor-element-populated\">\n\t\t\t\t\t\t<div class=\"elementor-element elementor-element-75f311a elementor-widget elementor-widget-image\" data-id=\"75f311a\" data-element_type=\"widget\" data-widget_type=\"image.default\">\n\t\t\t\t<div class=\"elementor-widget-container\">\n\t\t\t\t\t\t\t\t\t\t\t\t\t<img fetchpriority=\"high\" decoding=\"async\" width=\"940\" height=\"529\" src=\"https:\/\/atlantismoto.com\/wp-content\/uploads\/2021\/05\/banner.jpg\" class=\"attachment-large size-large wp-image-13126\" alt=\"\" srcset=\"https:\/\/atlantismoto.com\/wp-content\/uploads\/2021\/05\/banner.jpg 940w, https:\/\/atlantismoto.com\/wp-content\/uploads\/2021\/05\/banner-300x169.jpg 300w, https:\/\/atlantismoto.com\/wp-content\/uploads\/2021\/05\/banner-768x432.jpg 768w\" sizes=\"(max-width: 940px) 100vw, 940px\">\t\t\t\t\t\t\t\t\t\t\t\t\t<\/div>\n\t\t\t\t<\/div>\n\t\t\t\t\t<\/div>\n\t\t<\/div>\n\t\t\t\t\t<\/div>\n\t\t<\/section>\n\t\t\t\t<section class=\"elementor-section elementor-top-section elementor-element elementor-element-fb44e8e elementor-section-boxed elementor-section-height-default elementor-section-height-default\" data-id=\"fb44e8e\" data-element_type=\"section\">\n\t\t\t\t\t\t<div class=\"elementor-container elementor-column-gap-default\">\n\t\t\t\t\t<div class=\"elementor-column elementor-col-100 elementor-top-column elementor-element elementor-element-9806b73\" data-id=\"9806b73\" data-element_type=\"column\">\n\t\t\t<div class=\"elementor-widget-wrap elementor-element-populated\">\n\t\t\t\t\t\t<div class=\"elementor-element elementor-element-40a9ce4 elementor-widget elementor-widget-text-editor\" data-id=\"40a9ce4\" data-element_type=\"widget\" data-widget_type=\"text-editor.default\">\n\t\t\t\t<div class=\"elementor-widget-container\">\n\t\t\t\t\t\t\t<p><img decoding=\"async\" class=\" wp-image-13118 alignright\" src=\"https:\/\/www.atlantismoto.com\/wp-content\/uploads\/2021\/05\/gerardo_coliseo_2.jpg\" alt=\"gerardo coliseo 2\" width=\"162\" height=\"288\" srcset=\"https:\/\/atlantismoto.com\/wp-content\/uploads\/2021\/05\/gerardo_coliseo_2.jpg 563w, https:\/\/atlantismoto.com\/wp-content\/uploads\/2021\/05\/gerardo_coliseo_2-169x300.jpg 169w\" sizes=\"(max-width: 162px) 100vw, 162px\" \/>Os queremos presentar a Gerardo Echeto, nuestro nuevo embajador de AtlantisMOTO. Este Venezolano residente en Italia, ha decidido cumplir su sue\u00f1o de dar la vuelta al mundo en moto. Esta vuelta al mundo ha empezado en Italia, desde la ciudad de Mil\u00e1n. Inicialmente quer\u00eda realizarla en su <strong>Honda Transalp<\/strong> una moto que ya ha demostrado, a trav\u00e9s de otros motoviajeros, ser una moto robusta y fiable para usarse en cualquier tipo de ruta. Pero como cualquier loco de la moto, Gerardo ha decidido, hacer un cambio importante a \u00faltima hora, ha querido iniciar esta primera fase por Italia de la forma m\u00e1s m\u00edtica y evocadora, recorri\u00e9ndola en una Vespa 125 de 1995. Sin duda, esta primera etapa ser\u00e1 toda una aventura.<\/p>\t\t\t\t\t\t<\/div>\n\t\t\t\t<\/div>\n\t\t\t\t<div class=\"elementor-element elementor-element-361c7fd elementor-widget elementor-widget-heading\" data-id=\"361c7fd\" data-element_type=\"widget\" data-widget_type=\"heading.default\">\n\t\t\t\t<div class=\"elementor-widget-container\">\n\t\t\t<h2 class=\"elementor-heading-title elementor-size-default\">Te Doy la Vuelta, da la vuelta al mundo con AtlantisMOTO MAX<\/h2>\t\t<\/div>\n\t\t\t\t<\/div>\n\t\t\t\t<div class=\"elementor-element elementor-element-2ceefcb elementor-widget elementor-widget-text-editor\" data-id=\"2ceefcb\" data-element_type=\"widget\" data-widget_type=\"text-editor.default\">\n\t\t\t\t<div class=\"elementor-widget-container\">\n\t\t\t\t\t\t\t<p>Para que no os perd\u00e1is nada, pod\u00e9is seguir a Gerardo en sus redes sociales. Podr\u00e9is dar con \u00e9l como @TeDoyLaVuelta, adem\u00e1s ten\u00e9is la informaci\u00f3n de su canal y redes sociales en nuestro<a href=\"https:\/\/www.atlantismoto.com\/embajadores\/\"><strong> apartado de embajadores<\/strong><\/a>.<\/p>\t\t\t\t\t\t<\/div>\n\t\t\t\t<\/div>\n\t\t\t\t<div class=\"elementor-element elementor-element-c967651 elementor-widget elementor-widget-heading\" data-id=\"c967651\" data-element_type=\"widget\" data-widget_type=\"heading.default\">\n\t\t\t\t<div class=\"elementor-widget-container\">\n\t\t\t<h2 class=\"elementor-heading-title elementor-size-default\">Descubre sus rutas con el  localizador GPS de  Atlantis MOTO<\/h2>\t\t<\/div>\n\t\t\t\t<\/div>\n\t\t\t\t<div class=\"elementor-element elementor-element-dabcf8e elementor-widget elementor-widget-text-editor\" data-id=\"dabcf8e\" data-element_type=\"widget\" data-widget_type=\"text-editor.default\">\n\t\t\t\t<div class=\"elementor-widget-container\">\n\t\t\t\t\t\t\t<p>Gerardo empieza su aventura en Italia. Ha decidido dar una vuelta a todo el pa\u00eds, antes de empezar a iniciar su ruta por Europa que ser\u00e1 la primera etapa de Te Doy La Vuelta. Como antes os comentamos, para este &#8220;pre-calentamiento&#8221; de la vuelta al mundo Gerardo decidi\u00f3 hacerla sobre una Vespa 125 de cuatro tiempos, totalmente equipada y preparada.<\/p><p>La vespa de Gerardo est\u00e1 equipada con un AtlantisMOTO MAX, que adem\u00e1s de proporcionarle la tranquilidad de saber donde esta y que le pasa a su moto en todo momento, tambi\u00e9n grabar\u00e1\u00a0 y compartir\u00e1 las rutas por toda Italia que realizar\u00e1 lejos de autopistas o v\u00edas r\u00e1pidas. As\u00ed que ya sab\u00e9is, si ten\u00e9is pensado viajar a Italia, seguir a Te Doy La Vuelta dentro de la aplicaci\u00f3n de Atlantis MOTO y tendr\u00e9is todas sus rutas listas para que las disfrut\u00e9is.\u00a0<\/p>\t\t\t\t\t\t<\/div>\n\t\t\t\t<\/div>\n\t\t\t\t<section class=\"elementor-section elementor-inner-section elementor-element elementor-element-77ba92c elementor-section-boxed elementor-section-height-default elementor-section-height-default\" data-id=\"77ba92c\" data-element_type=\"section\">\n\t\t\t\t\t\t<div class=\"elementor-container elementor-column-gap-default\">\n\t\t\t\t\t<div class=\"elementor-column elementor-col-50 elementor-inner-column elementor-element elementor-element-a1568a1\" data-id=\"a1568a1\" data-element_type=\"column\">\n\t\t\t<div class=\"elementor-widget-wrap elementor-element-populated\">\n\t\t\t\t\t\t<div class=\"elementor-element elementor-element-518cb10 elementor-widget elementor-widget-image\" data-id=\"518cb10\" data-element_type=\"widget\" data-widget_type=\"image.default\">\n\t\t\t\t<div class=\"elementor-widget-container\">\n\t\t\t\t\t\t\t\t\t\t\t\t\t\t<a href=\"https:\/\/atlantismoto.com\/wp-content\/uploads\/2021\/05\/WhatsApp-Image-2021-05-05-at-22.16.00-2-1.jpeg\" data-elementor-open-lightbox=\"yes\" data-elementor-lightbox-title=\"WhatsApp Image 2021-05-05 at 22.16.00 (2)\" data-e-action-hash=\"#elementor-action%3Aaction%3Dlightbox%26settings%3DeyJpZCI6MTMxMTcsInVybCI6Imh0dHBzOlwvXC9hdGxhbnRpc21vdG8uY29tXC93cC1jb250ZW50XC91cGxvYWRzXC8yMDIxXC8wNVwvV2hhdHNBcHAtSW1hZ2UtMjAyMS0wNS0wNS1hdC0yMi4xNi4wMC0yLTEuanBlZyJ9\">\n\t\t\t\t\t\t\t<img decoding=\"async\" width=\"768\" height=\"768\" src=\"https:\/\/atlantismoto.com\/wp-content\/uploads\/2021\/05\/WhatsApp-Image-2021-05-05-at-22.16.00-2-1-768x768.jpeg\" class=\"attachment-medium_large size-medium_large wp-image-13117\" alt=\"Gerardo-Echeto-Con_su_Transalp\" srcset=\"https:\/\/atlantismoto.com\/wp-content\/uploads\/2021\/05\/WhatsApp-Image-2021-05-05-at-22.16.00-2-1-768x768.jpeg 768w, https:\/\/atlantismoto.com\/wp-content\/uploads\/2021\/05\/WhatsApp-Image-2021-05-05-at-22.16.00-2-1-300x300.jpeg 300w, https:\/\/atlantismoto.com\/wp-content\/uploads\/2021\/05\/WhatsApp-Image-2021-05-05-at-22.16.00-2-1-1024x1024.jpeg 1024w, https:\/\/atlantismoto.com\/wp-content\/uploads\/2021\/05\/WhatsApp-Image-2021-05-05-at-22.16.00-2-1-150x150.jpeg 150w, https:\/\/atlantismoto.com\/wp-content\/uploads\/2021\/05\/WhatsApp-Image-2021-05-05-at-22.16.00-2-1-1536x1536.jpeg 1536w, https:\/\/atlantismoto.com\/wp-content\/uploads\/2021\/05\/WhatsApp-Image-2021-05-05-at-22.16.00-2-1.jpeg 2048w\" sizes=\"(max-width: 768px) 100vw, 768px\" \/>\t\t\t\t\t\t\t\t<\/a>\n\t\t\t\t\t\t\t\t\t\t\t\t\t<\/div>\n\t\t\t\t<\/div>\n\t\t\t\t\t<\/div>\n\t\t<\/div>\n\t\t\t\t<div class=\"elementor-column elementor-col-50 elementor-inner-column elementor-element elementor-element-a4543aa\" data-id=\"a4543aa\" data-element_type=\"column\">\n\t\t\t<div class=\"elementor-widget-wrap elementor-element-populated\">\n\t\t\t\t\t\t<div class=\"elementor-element elementor-element-f0bbb9c elementor-widget elementor-widget-image\" data-id=\"f0bbb9c\" data-element_type=\"widget\" data-widget_type=\"image.default\">\n\t\t\t\t<div class=\"elementor-widget-container\">\n\t\t\t\t\t\t\t\t\t\t\t\t\t\t<a href=\"https:\/\/atlantismoto.com\/wp-content\/uploads\/2021\/05\/Gerardo_Echeto_Transalp.jpg\" data-elementor-open-lightbox=\"yes\" data-elementor-lightbox-title=\"Gerardo_Echeto_Transalp\" data-e-action-hash=\"#elementor-action%3Aaction%3Dlightbox%26settings%3DeyJpZCI6MTMxMjEsInVybCI6Imh0dHBzOlwvXC9hdGxhbnRpc21vdG8uY29tXC93cC1jb250ZW50XC91cGxvYWRzXC8yMDIxXC8wNVwvR2VyYXJkb19FY2hldG9fVHJhbnNhbHAuanBnIn0%3D\">\n\t\t\t\t\t\t\t<img loading=\"lazy\" decoding=\"async\" width=\"819\" height=\"819\" src=\"https:\/\/atlantismoto.com\/wp-content\/uploads\/2021\/05\/Gerardo_Echeto_Transalp.jpg\" class=\"attachment-large size-large wp-image-13121\" alt=\"\" srcset=\"https:\/\/atlantismoto.com\/wp-content\/uploads\/2021\/05\/Gerardo_Echeto_Transalp.jpg 819w, https:\/\/atlantismoto.com\/wp-content\/uploads\/2021\/05\/Gerardo_Echeto_Transalp-300x300.jpg 300w, https:\/\/atlantismoto.com\/wp-content\/uploads\/2021\/05\/Gerardo_Echeto_Transalp-150x150.jpg 150w, https:\/\/atlantismoto.com\/wp-content\/uploads\/2021\/05\/Gerardo_Echeto_Transalp-768x768.jpg 768w\" sizes=\"(max-width: 819px) 100vw, 819px\">\t\t\t\t\t\t\t\t<\/a>\n\t\t\t\t\t\t\t\t\t\t\t\t\t<\/div>\n\t\t\t\t<\/div>\n\t\t\t\t\t<\/div>\n\t\t<\/div>\n\t\t\t\t\t<\/div>\n\t\t<\/section>\n\t\t\t\t<div class=\"elementor-element elementor-element-3f619f0 elementor-widget elementor-widget-heading\" data-id=\"3f619f0\" data-element_type=\"widget\" data-widget_type=\"heading.default\">\n\t\t\t\t<div class=\"elementor-widget-container\">\n\t\t\t<h2 class=\"elementor-heading-title elementor-size-default\">Conversando con Te Doy La Vuelta<\/h2>\t\t<\/div>\n\t\t\t\t<\/div>\n\t\t\t\t<div class=\"elementor-element elementor-element-45272c6 elementor-widget elementor-widget-text-editor\" data-id=\"45272c6\" data-element_type=\"widget\" data-widget_type=\"text-editor.default\">\n\t\t\t\t<div class=\"elementor-widget-container\">\n\t\t\t\t\t\t\t<p>No os perd\u00e1is la entrevista que hemos realizado a Gerardo, en pleno viaje para que nos cuente todo sobre el sue\u00f1o que ha decidido cumplir:<\/p><p><strong>Atlantis MOTO:<\/strong> <em>\u00bfQu\u00e9 fue lo que hizo click en tu mente para decidir darle la vuelta al mundo en moto?<\/em><\/p><p><strong>Gerardo Echeto<\/strong>: Desde hace mucho tiempo so\u00f1aba con poder alg\u00fan d\u00eda dar la vuelta al mundo, pero el detonante que mi hizo iniciar anticipadamente mi sue\u00f1o fue la pandemia mundial, entend\u00ed que era ahora o nunca.<\/p><p><strong>AM:<\/strong> <em>\u00bfQu\u00e9 opina tu familia sobre el viaje?<\/em><\/p><p><strong>GE:<\/strong> Todos est\u00e1n muy asustados, pero en el fondo aceptan que es algo que debo hacer.<\/p><p><strong>AM:<\/strong> <em>\u00bfQu\u00e9 tipo de viaje quieres hacer?<\/em><\/p><p><strong>GE:<\/strong> Mi viaje ser\u00e1 de tipo low cost, es decir despacio y sin prisa.<\/p><p><strong>AM:<\/strong><em> \u00bfHay alg\u00fan destino al que tengas una especial ilusi\u00f3n por llegar?<\/em><\/p><p><strong style=\"font-size: 16px; font-style: normal;\">GE:<\/strong><span style=\"font-size: 16px; font-style: normal; font-weight: 400;\">\u00a0<\/span>Turqu<span style=\"font-size: 16px;\">ia es un pa\u00eds que toda la vida he querido conocer.<\/span><\/p>\t\t\t\t\t\t<\/div>\n\t\t\t\t<\/div>\n\t\t\t\t<div class=\"elementor-element elementor-element-d17fedb elementor-widget elementor-widget-heading\" data-id=\"d17fedb\" data-element_type=\"widget\" data-widget_type=\"heading.default\">\n\t\t\t\t<div class=\"elementor-widget-container\">\n\t\t\t<h2 class=\"elementor-heading-title elementor-size-default\">Visitar Turquia es el destino que m\u00e1s ilusiona a Gerardo<\/h2>\t\t<\/div>\n\t\t\t\t<\/div>\n\t\t\t\t\t<\/div>\n\t\t<\/div>\n\t\t\t\t\t<\/div>\n\t\t<\/section>\n\t\t\t\t<section class=\"elementor-section elementor-top-section elementor-element elementor-element-ae3b593 elementor-section-boxed elementor-section-height-default elementor-section-height-default\" data-id=\"ae3b593\" data-element_type=\"section\">\n\t\t\t\t\t\t<div class=\"elementor-container elementor-column-gap-default\">\n\t\t\t\t\t<div class=\"elementor-column elementor-col-100 elementor-top-column elementor-element elementor-element-29f648c\" data-id=\"29f648c\" data-element_type=\"column\">\n\t\t\t<div class=\"elementor-widget-wrap elementor-element-populated\">\n\t\t\t\t\t\t<div class=\"elementor-element elementor-element-db5846b elementor-widget elementor-widget-image\" data-id=\"db5846b\" data-element_type=\"widget\" data-widget_type=\"image.default\">\n\t\t\t\t<div class=\"elementor-widget-container\">\n\t\t\t\t\t\t\t\t\t\t\t\t\t<img loading=\"lazy\" decoding=\"async\" width=\"768\" height=\"575\" src=\"https:\/\/atlantismoto.com\/wp-content\/uploads\/2021\/05\/Gerardo_tenere-768x575.jpg\" class=\"attachment-medium_large size-medium_large wp-image-13115\" alt=\"\" srcset=\"https:\/\/atlantismoto.com\/wp-content\/uploads\/2021\/05\/Gerardo_tenere-768x575.jpg 768w, https:\/\/atlantismoto.com\/wp-content\/uploads\/2021\/05\/Gerardo_tenere-300x225.jpg 300w, https:\/\/atlantismoto.com\/wp-content\/uploads\/2021\/05\/Gerardo_tenere.jpg 800w\" sizes=\"(max-width: 768px) 100vw, 768px\">\t\t\t\t\t\t\t\t\t\t\t\t\t<\/div>\n\t\t\t\t<\/div>\n\t\t\t\t<div class=\"elementor-element elementor-element-e7d4553 elementor-widget elementor-widget-heading\" data-id=\"e7d4553\" data-element_type=\"widget\" data-widget_type=\"heading.default\">\n\t\t\t\t<div class=\"elementor-widget-container\">\n\t\t\t<h2 class=\"elementor-heading-title elementor-size-default\">El sensor de ca\u00edda y grabar rutas, las funciones de AtlantisMOTO MAX que m\u00e1s atraen a Gerardo<\/h2>\t\t<\/div>\n\t\t\t\t<\/div>\n\t\t\t\t<div class=\"elementor-element elementor-element-bc96109 elementor-widget elementor-widget-text-editor\" data-id=\"bc96109\" data-element_type=\"widget\" data-widget_type=\"text-editor.default\">\n\t\t\t\t<div class=\"elementor-widget-container\">\n\t\t\t\t\t\t\t<p><strong>AM:<\/strong> <em>\u00bfC\u00f3mo elegiste la <strong>Honda Transalp<\/strong> como tu moto para dar la vuelta al mundo<\/em>?<\/p><p><strong>GE:<\/strong> Investigando mucho, y viendo a otros moteros usarlas sin mayores problemas, entonces dije esta es la m\u00eda.<\/p><p><strong>AM:<\/strong> <em>Esperemos que no\u2026pero durante el viaje, seguro que tendr\u00e1s que lidiar con alguna aver\u00eda o reparaci\u00f3n en tu moto \u00bfTienes alguna preparaci\u00f3n sobre mec\u00e1nica?<\/em><\/p><p><strong>GE:<\/strong> Se que sin gasolina no funciona \ud83d\ude01<\/p><p><strong>AM:<\/strong> <em>\u00bfCu\u00e1l es la caracter\u00edstica principal que m\u00e1s te atrae al Instalar un Localizador de AtlantisMOTO?<\/em><\/p><p><strong>GE:<\/strong> Son varias, pero las principales son el sensor de ca\u00edda y la posibilidad de salvar y compartir las rutas.<\/p><p><strong>AM:<\/strong> <em>\u00bfTe sigue tu familia a trav\u00e9s de la App de AtlantisMOTO?<\/em><\/p><p><strong>GE<\/strong>: Si, gracias a esta funci\u00f3n del dispositivo mi familia me sigue y se sienten mucho m\u00e1s tranquilos al poder verificar mi ubicaci\u00f3n exacta.<\/p><p><strong>AM:<\/strong> <em>Y por \u00faltimo \u00bfCompartir\u00e1s las rutas a trav\u00e9s de la APP?<\/em><\/p><p><strong>GE:<\/strong> Si, ya algunas est\u00e1n disponibles.<\/p>\t\t\t\t\t\t<\/div>\n\t\t\t\t<\/div>\n\t\t\t\t\t<\/div>\n\t\t<\/div>\n\t\t\t\t\t<\/div>\n\t\t<\/section>\n\t\t\t\t<section class=\"elementor-section elementor-top-section elementor-element elementor-element-435fc32 elementor-section-boxed elementor-section-height-default elementor-section-height-default\" data-id=\"435fc32\" data-element_type=\"section\">\n\t\t\t\t\t\t<div class=\"elementor-container elementor-column-gap-default\">\n\t\t\t\t\t<div class=\"elementor-column elementor-col-100 elementor-top-column elementor-element elementor-element-59fdbbd\" data-id=\"59fdbbd\" data-element_type=\"column\">\n\t\t\t<div class=\"elementor-widget-wrap elementor-element-populated\">\n\t\t\t\t\t\t<div class=\"elementor-element elementor-element-db2ad38 elementor-widget elementor-widget-video\" data-id=\"db2ad38\" data-element_type=\"widget\" data-settings=\"{&quot;youtube_url&quot;:&quot;https:\\\/\\\/www.youtube.com\\\/watch?v=7WjXhNaIXyY&quot;,&quot;video_type&quot;:&quot;youtube&quot;,&quot;controls&quot;:&quot;yes&quot;}\" data-widget_type=\"video.default\">\n\t\t\t\t<div class=\"elementor-widget-container\">\n\t\t\t\t\t<div class=\"elementor-wrapper elementor-open-inline\">\n\t\t\t<div class=\"elementor-video\"><\/div>\t\t<\/div>\n\t\t\t\t<\/div>\n\t\t\t\t<\/div>\n\t\t\t\t\t<\/div>\n\t\t<\/div>\n\t\t\t\t\t<\/div>\n\t\t<\/section>\n\t\t\t\t<\/div>\n\t\t","protected":false},"excerpt":{"rendered":"<p>Entrevista y presentaci\u00f3n de Gerardo Echeto, nuevo embajador de Atlantis MOTO. Conoce la historia de este Venezolano que viviendo en Italia decidi\u00f3, debido a la pandemia, realizar el sue\u00f1o de dar la vuelta al mundo en moto. \u00a1Ahora o nunca!<\/p>\n","protected":false},"author":4,"featured_media":13126,"comment_status":"open","ping_status":"open","sticky":false,"template":"","format":"standard","meta":{"rank_math_lock_modified_date":false,"site-sidebar-layout":"default","site-content-layout":"default","ast-site-content-layout":"","site-content-style":"default","site-sidebar-style":"default","ast-global-header-display":"","ast-banner-title-visibility":"","ast-main-header-display":"","ast-hfb-above-header-display":"","ast-hfb-below-header-display":"","ast-hfb-mobile-header-display":"","site-post-title":"","ast-breadcrumbs-content":"","ast-featured-img":"","footer-sml-layout":"","theme-transparent-header-meta":"default","adv-header-id-meta":"","stick-header-meta":"","header-above-stick-meta":"","header-main-stick-meta":"","header-below-stick-meta":"","astra-migrate-meta-layouts":"default","ast-page-background-enabled":"default","ast-page-background-meta":{"desktop":{"background-color":"","background-image":"","background-repeat":"repeat","background-position":"center center","background-size":"auto","background-attachment":"scroll","background-type":"","background-media":"","overlay-type":"","overlay-color":"","overlay-opacity":"","overlay-gradient":""},"tablet":{"background-color":"","background-image":"","background-repeat":"repeat","background-position":"center center","background-size":"auto","background-attachment":"scroll","background-type":"","background-media":"","overlay-type":"","overlay-color":"","overlay-opacity":"","overlay-gradient":""},"mobile":{"background-color":"","background-image":"","background-repeat":"repeat","background-position":"center center","background-size":"auto","background-attachment":"scroll","background-type":"","background-media":"","overlay-type":"","overlay-color":"","overlay-opacity":"","overlay-gradient":""}},"ast-content-background-meta":{"desktop":{"background-color":"var(--ast-global-color-5)","background-image":"","background-repeat":"repeat","background-position":"center center","background-size":"auto","background-attachment":"scroll","background-type":"","background-media":"","overlay-type":"","overlay-color":"","overlay-opacity":"","overlay-gradient":""},"tablet":{"background-color":"var(--ast-global-color-5)","background-image":"","background-repeat":"repeat","background-position":"center center","background-size":"auto","background-attachment":"scroll","background-type":"","background-media":"","overlay-type":"","overlay-color":"","overlay-opacity":"","overlay-gradient":""},"mobile":{"background-color":"var(--ast-global-color-5)","background-image":"","background-repeat":"repeat","background-position":"center center","background-size":"auto","background-attachment":"scroll","background-type":"","background-media":"","overlay-type":"","overlay-color":"","overlay-opacity":"","overlay-gradient":""}},"footnotes":""},"categories":[658],"tags":[],"class_list":["post-13139","post","type-post","status-publish","format-standard","has-post-thumbnail","hentry","category-ambaixadors"],"_links":{"self":[{"href":"https:\/\/atlantismoto.com\/ca\/wp-json\/wp\/v2\/posts\/13139"}],"collection":[{"href":"https:\/\/atlantismoto.com\/ca\/wp-json\/wp\/v2\/posts"}],"about":[{"href":"https:\/\/atlantismoto.com\/ca\/wp-json\/wp\/v2\/types\/post"}],"author":[{"embeddable":true,"href":"https:\/\/atlantismoto.com\/ca\/wp-json\/wp\/v2\/users\/4"}],"replies":[{"embeddable":true,"href":"https:\/\/atlantismoto.com\/ca\/wp-json\/wp\/v2\/comments?post=13139"}],"version-history":[{"count":2,"href":"https:\/\/atlantismoto.com\/ca\/wp-json\/wp\/v2\/posts\/13139\/revisions"}],"predecessor-version":[{"id":19120,"href":"https:\/\/atlantismoto.com\/ca\/wp-json\/wp\/v2\/posts\/13139\/revisions\/19120"}],"wp:featuredmedia":[{"embeddable":true,"href":"https:\/\/atlantismoto.com\/ca\/wp-json\/wp\/v2\/media\/13126"}],"wp:attachment":[{"href":"https:\/\/atlantismoto.com\/ca\/wp-json\/wp\/v2\/media?parent=13139"}],"wp:term":[{"taxonomy":"category","embeddable":true,"href":"https:\/\/atlantismoto.com\/ca\/wp-json\/wp\/v2\/categories?post=13139"},{"taxonomy":"post_tag","embeddable":true,"href":"https:\/\/atlantismoto.com\/ca\/wp-json\/wp\/v2\/tags?post=13139"}],"curies":[{"name":"wp","href":"https:\/\/api.w.org\/{rel}","templated":true}]}}