{"id":12350,"date":"2021-02-19T20:26:00","date_gmt":"2021-02-19T19:26:00","guid":{"rendered":"https:\/\/atlantis.n1n.eu\/isabel-puig-la-abuela-motera-nova-ambaixadora-datlantis-moto\/"},"modified":"2022-05-27T10:52:29","modified_gmt":"2022-05-27T08:52:29","slug":"isabel-puig-la-abuela-motera-nova-ambaixadora-datlantis-moto","status":"publish","type":"post","link":"https:\/\/atlantismoto.com\/ca\/isabel-puig-la-abuela-motera-nova-ambaixadora-datlantis-moto\/","title":{"rendered":"Isabel Puig \u2013 \u201cLa abuela motera\u201d nova ambaixadora d\u2019Atlantis MOTO"},"content":{"rendered":"\t\t<div data-elementor-type=\"wp-post\" data-elementor-id=\"12350\" class=\"elementor elementor-12350 elementor-12051\" data-elementor-post-type=\"post\">\n\t\t\t\t\t\t<section class=\"elementor-section elementor-top-section elementor-element elementor-element-3d9de48f elementor-section-boxed elementor-section-height-default elementor-section-height-default\" data-id=\"3d9de48f\" data-element_type=\"section\">\n\t\t\t\t\t\t<div class=\"elementor-container elementor-column-gap-default\">\n\t\t\t\t\t<div class=\"elementor-column elementor-col-100 elementor-top-column elementor-element elementor-element-12760d3e\" data-id=\"12760d3e\" data-element_type=\"column\">\n\t\t\t<div class=\"elementor-widget-wrap elementor-element-populated\">\n\t\t\t\t\t\t<div class=\"elementor-element elementor-element-45b5a3b7 elementor-widget elementor-widget-image\" data-id=\"45b5a3b7\" data-element_type=\"widget\" data-widget_type=\"image.default\">\n\t\t\t\t<div class=\"elementor-widget-container\">\n\t\t\t\t\t\t\t\t\t\t\t\t\t<img fetchpriority=\"high\" decoding=\"async\" width=\"1024\" height=\"576\" src=\"https:\/\/atlantismoto.com\/wp-content\/uploads\/2021\/03\/La_abuela_motera-1024x576.jpg\" class=\"attachment-large size-large wp-image-12199\" alt=\"la abuela motera.jpg\" srcset=\"https:\/\/atlantismoto.com\/wp-content\/uploads\/2021\/03\/La_abuela_motera-1024x576.jpg 1024w, https:\/\/atlantismoto.com\/wp-content\/uploads\/2021\/03\/La_abuela_motera-300x169.jpg 300w, https:\/\/atlantismoto.com\/wp-content\/uploads\/2021\/03\/La_abuela_motera-768x432.jpg 768w, https:\/\/atlantismoto.com\/wp-content\/uploads\/2021\/03\/La_abuela_motera.jpg 1200w\" sizes=\"(max-width: 1024px) 100vw, 1024px\" \/>\t\t\t\t\t\t\t\t\t\t\t\t\t<\/div>\n\t\t\t\t<\/div>\n\t\t\t\t\t<\/div>\n\t\t<\/div>\n\t\t\t\t\t<\/div>\n\t\t<\/section>\n\t\t\t\t<section class=\"elementor-section elementor-top-section elementor-element elementor-element-5249e0c3 elementor-section-boxed elementor-section-height-default elementor-section-height-default\" data-id=\"5249e0c3\" data-element_type=\"section\">\n\t\t\t\t\t\t<div class=\"elementor-container elementor-column-gap-default\">\n\t\t\t\t\t<div class=\"elementor-column elementor-col-100 elementor-top-column elementor-element elementor-element-7296b4a3\" data-id=\"7296b4a3\" data-element_type=\"column\">\n\t\t\t<div class=\"elementor-widget-wrap elementor-element-populated\">\n\t\t\t\t\t\t<div class=\"elementor-element elementor-element-44c2229d elementor-widget elementor-widget-text-editor\" data-id=\"44c2229d\" data-element_type=\"widget\" data-widget_type=\"text-editor.default\">\n\t\t\t\t<div class=\"elementor-widget-container\">\n\t\t\t\t\t\t\t<p>Avui volem presentar-vos a <strong>Isabel Puig<\/strong> una motera de cap a peus que porta des que era petita sobre d\u2019una moto.<\/p>\n<p>Com sempre ha succe\u00eft en el m\u00f3n de les motos, cada motard \u00e9s \u00fanic, ja que la seva moto, la seva forma de viure-la, conduir-la o de fer-la servir, es fa al llarg dels anys. <strong>Atlantis MOTO<\/strong> va n\u00e9ixer amb la idea de ser una eina per a tots els motards. Instal\u00b7lar un localitzador GPS per a motos ens ofereix noves formes de viure la moto, no nom\u00e9s oferint-nos m\u00e9s tranquil\u00b7litat saber que si alguna cosa li passa a la nostra moto ens avisar\u00e0 autom\u00e0ticament, tamb\u00e9 ens inclou noves eines \u00fatils per a qualsevol motorista, que milloren i canvien la forma que fins ara hav\u00edem viscut.<\/p>\n\t\t\t\t\t\t<\/div>\n\t\t\t\t<\/div>\n\t\t\t\t<div class=\"elementor-element elementor-element-1ee6f979 elementor-widget elementor-widget-heading\" data-id=\"1ee6f979\" data-element_type=\"widget\" data-widget_type=\"heading.default\">\n\t\t\t\t<div class=\"elementor-widget-container\">\n\t\t\t<h2 class=\"elementor-heading-title elementor-size-default\">Atlantis MOTO molt m\u00e9s que un localitzador GPS per a motos\u200b<\/h2>\t\t<\/div>\n\t\t\t\t<\/div>\n\t\t\t\t\t<\/div>\n\t\t<\/div>\n\t\t\t\t\t<\/div>\n\t\t<\/section>\n\t\t\t\t<section class=\"elementor-section elementor-top-section elementor-element elementor-element-549b281a elementor-section-boxed elementor-section-height-default elementor-section-height-default\" data-id=\"549b281a\" data-element_type=\"section\">\n\t\t\t\t\t\t<div class=\"elementor-container elementor-column-gap-default\">\n\t\t\t\t\t<div class=\"elementor-column elementor-col-100 elementor-top-column elementor-element elementor-element-1f15bc29\" data-id=\"1f15bc29\" data-element_type=\"column\">\n\t\t\t<div class=\"elementor-widget-wrap elementor-element-populated\">\n\t\t\t\t\t\t<div class=\"elementor-element elementor-element-21dffea8 elementor-widget elementor-widget-text-editor\" data-id=\"21dffea8\" data-element_type=\"widget\" data-widget_type=\"text-editor.default\">\n\t\t\t\t<div class=\"elementor-widget-container\">\n\t\t\t\t\t\t\t<p>L&#8217;experi\u00e8ncia\u00a0acumulada per\u00a0l\u2019Isabel\u00a0segur que\u00a0ens\u00a0ajudar\u00e0\u00a0a\u00a0millorar\u00a0i\u00a0cr\u00e9ixer,\u00a0aportant\u00a0m\u00e9s\u00a0al\u00a0m\u00f3n\u00a0de la moto que\u00a0tant\u00a0estimem,\u00a0gr\u00e0cies\u00a0els\u00a0seus\u00a0consells\u00a0(i\u00a0als\u00a0vostres).<\/p><p>A &#8220;L&#8217;\u00e0via Motera&#8221; que aix\u00ed la coneixereu en xarxes socials, i que podeu veure el seu perfil <a href=\"https:\/\/www.atlantismoto.com\/ambaixadors\/\">aqu\u00ed<\/a>, li encanten els viatges en moto.<\/p><p>Perdre\u2019s, gaudir de la llibertat i dels paisatges que ens regala l\u2019 anar amb moto. Per\u00f2 no us\u00a0\u00a0expliquem res m\u00e9s &#8230; que sigui ella qui es presenti i ens parli de la seva vida motera (tamb\u00e9 teniu m\u00e9s informaci\u00f3 al seu <a href=\"https:\/\/laabuelamotera.com\/\" target=\"_blank\" rel=\"noopener\">blog<\/a>),en\u00a0aquesta\u00a0sincera entrevista:<\/p>\t\t\t\t\t\t<\/div>\n\t\t\t\t<\/div>\n\t\t\t\t\t<\/div>\n\t\t<\/div>\n\t\t\t\t\t<\/div>\n\t\t<\/section>\n\t\t\t\t<section class=\"elementor-section elementor-top-section elementor-element elementor-element-71788efe elementor-section-boxed elementor-section-height-default elementor-section-height-default\" data-id=\"71788efe\" data-element_type=\"section\">\n\t\t\t\t\t\t<div class=\"elementor-container elementor-column-gap-default\">\n\t\t\t\t\t<div class=\"elementor-column elementor-col-100 elementor-top-column elementor-element elementor-element-3f0d20cd\" data-id=\"3f0d20cd\" data-element_type=\"column\">\n\t\t\t<div class=\"elementor-widget-wrap elementor-element-populated\">\n\t\t\t\t\t\t<div class=\"elementor-element elementor-element-1f429180 elementor-widget elementor-widget-text-editor\" data-id=\"1f429180\" data-element_type=\"widget\" data-widget_type=\"text-editor.default\">\n\t\t\t\t<div class=\"elementor-widget-container\">\n\t\t\t\t\t\t\t<p><strong>Atlantis MOTO: \u00bfCu\u00e1ndo entraron las motos a formar parte de tu vida?<\/strong><\/p>\n\t\t\t\t\t\t<\/div>\n\t\t\t\t<\/div>\n\t\t\t\t<section class=\"elementor-section elementor-inner-section elementor-element elementor-element-7f8521b3 elementor-section-boxed elementor-section-height-default elementor-section-height-default\" data-id=\"7f8521b3\" data-element_type=\"section\">\n\t\t\t\t\t\t<div class=\"elementor-container elementor-column-gap-default\">\n\t\t\t\t\t<div class=\"elementor-column elementor-col-50 elementor-inner-column elementor-element elementor-element-567ca11c\" data-id=\"567ca11c\" data-element_type=\"column\">\n\t\t\t<div class=\"elementor-widget-wrap elementor-element-populated\">\n\t\t\t\t\t\t<div class=\"elementor-element elementor-element-738c955e elementor-widget elementor-widget-text-editor\" data-id=\"738c955e\" data-element_type=\"widget\" data-widget_type=\"text-editor.default\">\n\t\t\t\t<div class=\"elementor-widget-container\">\n\t\t\t\t\t\t\t<p><em>Hace 10 a\u00f1os, mi compa\u00f1ero se fue a las rutas del cielo, un gran palo y la moto me sac\u00f3 de la tristeza. He seguido\u00a0viajando,\u00a0pero he adaptado la moto a mi fuerza y tama\u00f1o.\u00a0<\/em><\/p><p><em>Me encanta planificar los viajes, buscar carreteras, estoy horas y horas. Pero cuando empiezo el viaje de verdad, me gusta luego improvisar, hacer caso a los lugare\u00f1os y modificar la ruta planificada, perderme\u2026\u201d\u00a0<\/em><\/p>\t\t\t\t\t\t<\/div>\n\t\t\t\t<\/div>\n\t\t\t\t\t<\/div>\n\t\t<\/div>\n\t\t\t\t<div class=\"elementor-column elementor-col-50 elementor-inner-column elementor-element elementor-element-37729ebc\" data-id=\"37729ebc\" data-element_type=\"column\">\n\t\t\t<div class=\"elementor-widget-wrap elementor-element-populated\">\n\t\t\t\t\t\t<div class=\"elementor-element elementor-element-400f63f3 elementor-widget elementor-widget-image\" data-id=\"400f63f3\" data-element_type=\"widget\" data-widget_type=\"image.default\">\n\t\t\t\t<div class=\"elementor-widget-container\">\n\t\t\t\t\t\t\t\t\t\t\t\t\t<img decoding=\"async\" width=\"447\" height=\"255\" src=\"https:\/\/atlantismoto.com\/wp-content\/uploads\/2021\/03\/Peugeot-49.jpg\" class=\"attachment-large size-large wp-image-12200\" alt=\"peugeot-49.jpg\" srcset=\"https:\/\/atlantismoto.com\/wp-content\/uploads\/2021\/03\/Peugeot-49.jpg 447w, https:\/\/atlantismoto.com\/wp-content\/uploads\/2021\/03\/Peugeot-49-300x171.jpg 300w\" sizes=\"(max-width: 447px) 100vw, 447px\" \/>\t\t\t\t\t\t\t\t\t\t\t\t\t<\/div>\n\t\t\t\t<\/div>\n\t\t\t\t\t<\/div>\n\t\t<\/div>\n\t\t\t\t\t<\/div>\n\t\t<\/section>\n\t\t\t\t<div class=\"elementor-element elementor-element-62aa7859 elementor-widget elementor-widget-text-editor\" data-id=\"62aa7859\" data-element_type=\"widget\" data-widget_type=\"text-editor.default\">\n\t\t\t\t<div class=\"elementor-widget-container\">\n\t\t\t\t\t\t\t<p>\u00a0<\/p>\n<p><i><span data-contrast=\"auto\">Hace 10 a\u00f1os, mi compa\u00f1ero se fue a las rutas del cielo, un gran palo y la moto me sac\u00f3 de la tristeza. He seguido\u00a0<\/span><\/i><i><span data-contrast=\"auto\">viajando,<\/span><\/i><i><span data-contrast=\"auto\">\u00a0pero he adaptado la moto a mi fuerza y tama\u00f1o.\u00a0<\/span><\/i><span data-ccp-props=\"{\">\u00a0<\/span><\/p>\n<p><i><span data-contrast=\"auto\">Me encanta planificar los viajes, buscar carreteras, estoy horas y horas. Pero cuando empiezo el viaje de verdad, me gusta luego improvisar, hacer caso a los lugare\u00f1os y modificar la ruta planificada, perderme\u2026<\/span><\/i><i><span data-contrast=\"auto\">\u201d<\/span><\/i><span data-ccp-props=\"{\">\u00a0<\/span><\/p>\n\t\t\t\t\t\t<\/div>\n\t\t\t\t<\/div>\n\t\t\t\t\t<\/div>\n\t\t<\/div>\n\t\t\t\t\t<\/div>\n\t\t<\/section>\n\t\t\t\t<section class=\"elementor-section elementor-top-section elementor-element elementor-element-234c8e35 elementor-section-boxed elementor-section-height-default elementor-section-height-default\" data-id=\"234c8e35\" data-element_type=\"section\">\n\t\t\t\t\t\t<div class=\"elementor-container elementor-column-gap-default\">\n\t\t\t\t\t<div class=\"elementor-column elementor-col-100 elementor-top-column elementor-element elementor-element-7474164a\" data-id=\"7474164a\" data-element_type=\"column\">\n\t\t\t<div class=\"elementor-widget-wrap elementor-element-populated\">\n\t\t\t\t\t\t<div class=\"elementor-element elementor-element-7e5a18a8 elementor-widget elementor-widget-heading\" data-id=\"7e5a18a8\" data-element_type=\"widget\" data-widget_type=\"heading.default\">\n\t\t\t\t<div class=\"elementor-widget-container\">\n\t\t\t<h2 class=\"elementor-heading-title elementor-size-default\"><em>Hace 10 a\u00f1os, mi compa\u00f1ero se fue a las rutas del cielo, un gran palo y la moto me sac\u00f3 de la tristeza. He seguido\u00a0viajando,\u00a0pero he adaptado la moto a mi fuerza y tama\u00f1o.\u00a0\u00a0<\/em>  <em>Me encanta planificar los viajes, buscar carreteras, estoy horas y horas. Pero cuando empiezo el viaje de verdad, me gusta luego improvisar, hacer caso a los lugare\u00f1os y modificar la ruta planificada, perderme\u2026\u201d\u00a0<\/em><\/h2>\t\t<\/div>\n\t\t\t\t<\/div>\n\t\t\t\t<div class=\"elementor-element elementor-element-2e36b053 elementor-widget elementor-widget-text-editor\" data-id=\"2e36b053\" data-element_type=\"widget\" data-widget_type=\"text-editor.default\">\n\t\t\t\t<div class=\"elementor-widget-container\">\n\t\t\t\t\t\t\t<p><b><span data-contrast=\"none\">\u00bfCu\u00e1ndo viajas en moto que es lo que m\u00e1s te gusta?<\/span><\/b><span data-ccp-props=\"{\">\u00a0<\/span><\/p>\n<p><span data-contrast=\"auto\">\u201cLo<\/span><i><span data-contrast=\"auto\">\u00a0que m\u00e1s me gusta es la libertad de movimiento, el poder disfrutar de todos los sentidos; paisajes, olores, temperaturas, sol, viento, lluvia y conocer culturas, costumbre y gentes.\u00a0 Disfruto hablando sola, refugiada en mi casco, cantar a gritos y exprimir las emociones, llorar cuando paso por un sitio precioso o muy dif\u00edcil, preguntar a los lugare\u00f1os,\u00a0<\/span><\/i><i><span data-contrast=\"auto\">escucharles<\/span><\/i><i><span data-contrast=\"auto\">\u00a0y aprender. Cruzarme con otros\u00a0<\/span><\/i><i><span data-contrast=\"auto\">motoviajeros<\/span><\/i><i><span data-contrast=\"auto\">, compartir ruta y experiencias.<\/span><\/i><i><span data-contrast=\"auto\">\u201d<\/span><\/i><\/p>\n<p><b><span data-contrast=\"none\">\u00bfY lo que m\u00e1s te preocupa?<\/span><\/b><span data-ccp-props=\"{&quot;201341983&quot;:0,&quot;335559739&quot;:160,&quot;335559740&quot;:259}\">\u00a0<\/span><\/p>\n<p><i><span data-contrast=\"auto\">\u201c<\/span><\/i><i><span data-contrast=\"auto\">Me preocupa poder tener un accidente en alg\u00fan sitio remoto o perdido, soy prudente y arriesgo poco, pero tampoco es tan dif\u00edcil tener un contratiempo e irte al suelo y no siempre se cae bien.\u00a0<\/span><\/i><span data-ccp-props=\"{&quot;201341983&quot;:0,&quot;335559739&quot;:160,&quot;335559740&quot;:259}\">\u00a0<\/span><\/p>\n<p><i><span data-contrast=\"auto\">Tambi\u00e9n me preocupa mucho donde duerme la moto, necesito tener la seguridad de que est\u00e1 bien, de que nadie la va a tocar. Si finalmente tiene que dormir en la calle, lo paso fatal y casi no duermo.<\/span><\/i><i><span data-contrast=\"auto\">\u201d<\/span><\/i><span data-ccp-props=\"{&quot;201341983&quot;:0,&quot;335559739&quot;:160,&quot;335559740&quot;:259}\">\u00a0<\/span><\/p>\n\t\t\t\t\t\t<\/div>\n\t\t\t\t<\/div>\n\t\t\t\t\t<\/div>\n\t\t<\/div>\n\t\t\t\t\t<\/div>\n\t\t<\/section>\n\t\t\t\t<section class=\"elementor-section elementor-top-section elementor-element elementor-element-7e045d3d elementor-section-boxed elementor-section-height-default elementor-section-height-default\" data-id=\"7e045d3d\" data-element_type=\"section\">\n\t\t\t\t\t\t<div class=\"elementor-container elementor-column-gap-default\">\n\t\t\t\t\t<div class=\"elementor-column elementor-col-100 elementor-top-column elementor-element elementor-element-133c1fa5\" data-id=\"133c1fa5\" data-element_type=\"column\">\n\t\t\t<div class=\"elementor-widget-wrap elementor-element-populated\">\n\t\t\t\t\t\t<div class=\"elementor-element elementor-element-6016b983 elementor-widget elementor-widget-text-editor\" data-id=\"6016b983\" data-element_type=\"widget\" data-widget_type=\"text-editor.default\">\n\t\t\t\t<div class=\"elementor-widget-container\">\n\t\t\t\t\t\t\t<p><strong>\u00bfCu\u00e1ndo aparcas tu moto en la calle, te preocupas por ella o nunca te ha preocupado?\u00a0<\/strong><\/p><p><em>&#8220;Uffff, lo paso fatal, muchas veces la meto en parking si no lo tengo claro. Hace a\u00f1os me quemaron una Yamaha y me robaron una Vespa que nunca volvi\u00f3. Esto te marca mucho y realmente soy muy mani\u00e1tica con el cuidado de la moto.&#8221;<\/em><\/p><p><strong>\u00bfQu\u00e9 te parece el poder compartir rutas dentro de la APP con otros moteros y moteras?\u00a0<\/strong><\/p><p><em>&#8220;Me parece genial, poder ver las rutas de otros compa\u00f1eros y que otros vean las m\u00edas, cada uno da a sus rutas un matiz diferente y compartir siempre enriquece y te sirven para coger ideas para viajes de futuro. &#8220;<\/em><\/p><p><em>Hace 10 a\u00f1os, mi compa\u00f1ero se fue a las rutas del cielo, un gran palo y la moto me sac\u00f3 de la tristeza. He seguido viajando, pero he adaptado la moto a mi fuerza y tama\u00f1o.\u00a0\u00a0<\/em> <em>Me encanta planificar los viajes, buscar carreteras, estoy horas y horas. Pero cuando empiezo el viaje de verdad, me gusta luego improvisar, hacer caso a los lugare\u00f1os y modificar la ruta planificada, perderme\u2026\u201d\u00a0<\/em><\/p>\t\t\t\t\t\t<\/div>\n\t\t\t\t<\/div>\n\t\t\t\t\t<\/div>\n\t\t<\/div>\n\t\t\t\t\t<\/div>\n\t\t<\/section>\n\t\t\t\t<section class=\"elementor-section elementor-top-section elementor-element elementor-element-1efed6f2 elementor-section-boxed elementor-section-height-default elementor-section-height-default\" data-id=\"1efed6f2\" data-element_type=\"section\">\n\t\t\t\t\t\t<div class=\"elementor-container elementor-column-gap-default\">\n\t\t\t\t\t<div class=\"elementor-column elementor-col-100 elementor-top-column elementor-element elementor-element-59f09b75\" data-id=\"59f09b75\" data-element_type=\"column\">\n\t\t\t<div class=\"elementor-widget-wrap elementor-element-populated\">\n\t\t\t\t\t\t<section class=\"elementor-section elementor-inner-section elementor-element elementor-element-5182c0d2 elementor-section-boxed elementor-section-height-default elementor-section-height-default\" data-id=\"5182c0d2\" data-element_type=\"section\">\n\t\t\t\t\t\t<div class=\"elementor-container elementor-column-gap-default\">\n\t\t\t\t\t<div class=\"elementor-column elementor-col-50 elementor-inner-column elementor-element elementor-element-13b9f859\" data-id=\"13b9f859\" data-element_type=\"column\">\n\t\t\t<div class=\"elementor-widget-wrap elementor-element-populated\">\n\t\t\t\t\t\t<div class=\"elementor-element elementor-element-112786de elementor-widget elementor-widget-image\" data-id=\"112786de\" data-element_type=\"widget\" data-widget_type=\"image.default\">\n\t\t\t\t<div class=\"elementor-widget-container\">\n\t\t\t\t\t\t\t\t\t\t\t\t\t<img decoding=\"async\" width=\"768\" height=\"432\" src=\"https:\/\/atlantismoto.com\/wp-content\/uploads\/2021\/03\/Nordkapp_with_globe-scaled-1-768x432.jpg\" class=\"attachment-medium_large size-medium_large wp-image-12201\" alt=\"\" srcset=\"https:\/\/atlantismoto.com\/wp-content\/uploads\/2021\/03\/Nordkapp_with_globe-scaled-1-768x432.jpg 768w, https:\/\/atlantismoto.com\/wp-content\/uploads\/2021\/03\/Nordkapp_with_globe-scaled-1-300x169.jpg 300w, https:\/\/atlantismoto.com\/wp-content\/uploads\/2021\/03\/Nordkapp_with_globe-scaled-1-1024x576.jpg 1024w, https:\/\/atlantismoto.com\/wp-content\/uploads\/2021\/03\/Nordkapp_with_globe-scaled-1-1536x864.jpg 1536w, https:\/\/atlantismoto.com\/wp-content\/uploads\/2021\/03\/Nordkapp_with_globe-scaled-1-2048x1152.jpg 2048w\" sizes=\"(max-width: 768px) 100vw, 768px\">\t\t\t\t\t\t\t\t\t\t\t\t\t<\/div>\n\t\t\t\t<\/div>\n\t\t\t\t\t<\/div>\n\t\t<\/div>\n\t\t\t\t<div class=\"elementor-column elementor-col-50 elementor-inner-column elementor-element elementor-element-1c208fe1\" data-id=\"1c208fe1\" data-element_type=\"column\">\n\t\t\t<div class=\"elementor-widget-wrap elementor-element-populated\">\n\t\t\t\t\t\t<div class=\"elementor-element elementor-element-3bc3cea2 elementor-widget elementor-widget-text-editor\" data-id=\"3bc3cea2\" data-element_type=\"widget\" data-widget_type=\"text-editor.default\">\n\t\t\t\t<div class=\"elementor-widget-container\">\n\t\t\t\t\t\t\t<p><b><span data-contrast=\"none\">\u00bfAlg\u00fan viaje en preparaci\u00f3n? \u00bfLo compartir\u00e1s en el\u00a0RouteBook\u00a0de Atlantis MOTO?<\/span><\/b><span data-ccp-props=\"{&quot;201341983&quot;:0,&quot;335559739&quot;:160,&quot;335559740&quot;:259}\">\u00a0<\/span><\/p>\n<p><i><span data-contrast=\"auto\">&#8220;Mi pr\u00f3ximo viaje ser\u00e1 a\u00a0<\/span><\/i><i><span data-contrast=\"auto\">NordKapp<\/span><\/i><i><span data-contrast=\"auto\">. Lo tengo ya todo preparado y si el \u201cdestino\u201d lo quiere, planeado para salir a mediados de\u00a0<\/span><\/i><i><span data-contrast=\"auto\">Junio<\/span><\/i><i><span data-contrast=\"auto\">\u00a02021, ir\u00e9 sola al ritmo que me pida el cuerpo y desde luego que lo compartir\u00e9 en el\u00a0RouteBook\u00a0de Atlantis MOTO y en redes sociales. A la vuelta, documentar\u00e9 todo el viaje, de manera amplia, en mi Blog.&#8221;<\/span><\/i><\/p>\n\t\t\t\t\t\t<\/div>\n\t\t\t\t<\/div>\n\t\t\t\t\t<\/div>\n\t\t<\/div>\n\t\t\t\t\t<\/div>\n\t\t<\/section>\n\t\t\t\t\t<\/div>\n\t\t<\/div>\n\t\t\t\t\t<\/div>\n\t\t<\/section>\n\t\t\t\t<\/div>\n\t\t","protected":false},"excerpt":{"rendered":"<p>Avui volem presentar-vos a Isabel Puig una motera de cap a peus que porta des que era petita sobre d&#8217;una moto.<\/p>\n","protected":false},"author":4,"featured_media":12199,"comment_status":"open","ping_status":"open","sticky":false,"template":"","format":"standard","meta":{"rank_math_lock_modified_date":false,"site-sidebar-layout":"default","site-content-layout":"default","ast-site-content-layout":"","site-content-style":"default","site-sidebar-style":"default","ast-global-header-display":"","ast-banner-title-visibility":"","ast-main-header-display":"","ast-hfb-above-header-display":"","ast-hfb-below-header-display":"","ast-hfb-mobile-header-display":"","site-post-title":"","ast-breadcrumbs-content":"","ast-featured-img":"","footer-sml-layout":"","theme-transparent-header-meta":"default","adv-header-id-meta":"","stick-header-meta":"","header-above-stick-meta":"","header-main-stick-meta":"","header-below-stick-meta":"","astra-migrate-meta-layouts":"default","ast-page-background-enabled":"default","ast-page-background-meta":{"desktop":{"background-color":"","background-image":"","background-repeat":"repeat","background-position":"center center","background-size":"auto","background-attachment":"scroll","background-type":"","background-media":"","overlay-type":"","overlay-color":"","overlay-opacity":"","overlay-gradient":""},"tablet":{"background-color":"","background-image":"","background-repeat":"repeat","background-position":"center center","background-size":"auto","background-attachment":"scroll","background-type":"","background-media":"","overlay-type":"","overlay-color":"","overlay-opacity":"","overlay-gradient":""},"mobile":{"background-color":"","background-image":"","background-repeat":"repeat","background-position":"center center","background-size":"auto","background-attachment":"scroll","background-type":"","background-media":"","overlay-type":"","overlay-color":"","overlay-opacity":"","overlay-gradient":""}},"ast-content-background-meta":{"desktop":{"background-color":"var(--ast-global-color-5)","background-image":"","background-repeat":"repeat","background-position":"center center","background-size":"auto","background-attachment":"scroll","background-type":"","background-media":"","overlay-type":"","overlay-color":"","overlay-opacity":"","overlay-gradient":""},"tablet":{"background-color":"var(--ast-global-color-5)","background-image":"","background-repeat":"repeat","background-position":"center center","background-size":"auto","background-attachment":"scroll","background-type":"","background-media":"","overlay-type":"","overlay-color":"","overlay-opacity":"","overlay-gradient":""},"mobile":{"background-color":"var(--ast-global-color-5)","background-image":"","background-repeat":"repeat","background-position":"center center","background-size":"auto","background-attachment":"scroll","background-type":"","background-media":"","overlay-type":"","overlay-color":"","overlay-opacity":"","overlay-gradient":""}},"footnotes":""},"categories":[379],"tags":[],"class_list":["post-12350","post","type-post","status-publish","format-standard","has-post-thumbnail","hentry","category-noticies"],"_links":{"self":[{"href":"https:\/\/atlantismoto.com\/ca\/wp-json\/wp\/v2\/posts\/12350"}],"collection":[{"href":"https:\/\/atlantismoto.com\/ca\/wp-json\/wp\/v2\/posts"}],"about":[{"href":"https:\/\/atlantismoto.com\/ca\/wp-json\/wp\/v2\/types\/post"}],"author":[{"embeddable":true,"href":"https:\/\/atlantismoto.com\/ca\/wp-json\/wp\/v2\/users\/4"}],"replies":[{"embeddable":true,"href":"https:\/\/atlantismoto.com\/ca\/wp-json\/wp\/v2\/comments?post=12350"}],"version-history":[{"count":1,"href":"https:\/\/atlantismoto.com\/ca\/wp-json\/wp\/v2\/posts\/12350\/revisions"}],"predecessor-version":[{"id":19123,"href":"https:\/\/atlantismoto.com\/ca\/wp-json\/wp\/v2\/posts\/12350\/revisions\/19123"}],"wp:featuredmedia":[{"embeddable":true,"href":"https:\/\/atlantismoto.com\/ca\/wp-json\/wp\/v2\/media\/12199"}],"wp:attachment":[{"href":"https:\/\/atlantismoto.com\/ca\/wp-json\/wp\/v2\/media?parent=12350"}],"wp:term":[{"taxonomy":"category","embeddable":true,"href":"https:\/\/atlantismoto.com\/ca\/wp-json\/wp\/v2\/categories?post=12350"},{"taxonomy":"post_tag","embeddable":true,"href":"https:\/\/atlantismoto.com\/ca\/wp-json\/wp\/v2\/tags?post=12350"}],"curies":[{"name":"wp","href":"https:\/\/api.w.org\/{rel}","templated":true}]}}